{"id":2106,"date":"2026-08-26T10:09:19","date_gmt":"2026-08-26T08:09:19","guid":{"rendered":"https:\/\/fpnebrija.com\/blog\/?p=2106"},"modified":"2026-08-25T10:42:37","modified_gmt":"2026-08-25T08:42:37","slug":"becas-fp-nebrija-curso-2026-2027","status":"publish","type":"post","link":"https:\/\/fpnebrija.com\/blog\/2026\/08\/26\/becas-fp-nebrija-curso-2026-2027\/","title":{"rendered":"Estudia FP en Nebrija durante el curso 2026\/2027: becas y ayudas al estudio"},"content":{"rendered":"\n<figure class=\"wp-block-image size-large\"><img fetchpriority=\"high\" decoding=\"async\" width=\"1024\" height=\"683\" src=\"https:\/\/fpnebrija.com\/blog\/wp-content\/uploads\/2026\/08\/pexels-rdne-7092523-1024x683.jpg\" alt=\"\" class=\"wp-image-2107\" srcset=\"https:\/\/fpnebrija.com\/blog\/wp-content\/uploads\/2026\/08\/pexels-rdne-7092523-1024x683.jpg 1024w, https:\/\/fpnebrija.com\/blog\/wp-content\/uploads\/2026\/08\/pexels-rdne-7092523-300x200.jpg 300w, https:\/\/fpnebrija.com\/blog\/wp-content\/uploads\/2026\/08\/pexels-rdne-7092523-768x512.jpg 768w, https:\/\/fpnebrija.com\/blog\/wp-content\/uploads\/2026\/08\/pexels-rdne-7092523-1536x1024.jpg 1536w, https:\/\/fpnebrija.com\/blog\/wp-content\/uploads\/2026\/08\/pexels-rdne-7092523-2048x1365.jpg 2048w\" sizes=\"(max-width: 1024px) 100vw, 1024px\" \/><\/figure>\n\n\n\n<p class=\"wp-block-paragraph\">Becas FP Nebrija 2026\/2027<\/p>\n\n\n\n<p class=\"wp-block-paragraph\">El arranque del <strong>curso acad\u00e9mico 2026\/2027<\/strong> est\u00e1 a la vuelta de la esquina y con \u00e9l llega una de las decisiones m\u00e1s importantes para tu futuro: elegir una titulaci\u00f3n con salidas laborales reales. Si est\u00e1s pensando en matricularte en un Grado Medio, Grado Superior o Curso de Especializaci\u00f3n, las <strong>becas y ayudas al estudio para estudiantes del <a href=\"https:\/\/www.fpnebrija.com\/\">Instituto Nebrija de Formaci\u00f3n Profesional<\/a> <\/strong>lo ponen muy f\u00e1cil para financiar tus estudios.<\/p>\n\n\n\n<p class=\"wp-block-paragraph\">En este art\u00edculo recopilamos todas las <strong><a href=\"https:\/\/www.fpnebrija.com\/becas.php\">becas y ayudas disponibles<\/a> para el curso 2026\/2027<\/strong> sus requisitos y c\u00f3mo solicitarlas.<\/p>\n\n\n\n<h2 class=\"wp-block-heading\">1. Ayudas y Becas al Estudio Nebrija<\/h2>\n\n\n\n<p class=\"wp-block-paragraph\">El Instituto Nebrija de Formaci\u00f3n Profesional refuerza su compromiso con el talento mediante programas propios compatibles, en muchos casos, con convocatorias p\u00fablicas.<\/p>\n\n\n\n<h3 class=\"wp-block-heading\">Becas Fundaci\u00f3n Nebrija<\/h3>\n\n\n\n<p class=\"wp-block-paragraph\">Dirigidas a estudiantes de Bachillerato, Grado Medio y Grado Superior que van a iniciar su formaci\u00f3n el curso 26\/27.<\/p>\n\n\n\n<p class=\"wp-block-paragraph\">Conoce los <a href=\"https:\/\/www.fpnebrija.com\/becas.php\">requisitos aqu\u00ed.<\/a><\/p>\n\n\n\n<h3 class=\"wp-block-heading\">Ayudas al Estudio Institutos Nebrija<\/h3>\n\n\n\n<p class=\"wp-block-paragraph\">Desde Institutos Nebrija queremos facilitar a los estudiantes el acceso a los Ciclos Formativos de Grado Superior, Grado Medio y Cursos de Especializaci\u00f3n de Formaci\u00f3n Profesional. Por ello, ofrecemos\u00a0<strong>facilidades de pago, pudiendo fraccionar el mismo en 10 mensualidades sin intereses y sin intermediaci\u00f3n bancaria<\/strong>, y se conceden\u00a0<strong>Ayudas al Estudio Nebrija,<\/strong>\u00a0compatibles con otras becas p\u00fablicas.<\/p>\n\n\n\n<p class=\"wp-block-paragraph\"><a href=\"https:\/\/www.fpnebrija.com\/becas.php\">M\u00e1s informaci\u00f3n<\/a><\/p>\n\n\n\n<h2 class=\"wp-block-heading\">2. Becas P\u00fablicas<\/h2>\n\n\n\n<p class=\"wp-block-paragraph\">Al ser el Instituto Nebrija de Formaci\u00f3n Profesional un centro oficial y autorizado por la Consejer\u00eda de Educaci\u00f3n de la Comunidad de Madrid, sus alumnos pueden beneficiarse de las principales convocatorias p\u00fablicas:<\/p>\n\n\n\n<h3 class=\"wp-block-heading\">Beca Ministerio de Educaci\u00f3n (Beca MEC)<\/h3>\n\n\n\n<p class=\"wp-block-paragraph\">Son las becas de car\u00e1cter estatal v\u00e1lidas para Grado Medio y Grado Superior. <a href=\"https:\/\/www.fpnebrija.com\/becas.php\">Consulta toda la informaci\u00f3n.<\/a><\/p>\n\n\n\n<h3 class=\"wp-block-heading\">Beca de la Comunidad de Madrid (CAM)<\/h3>\n\n\n\n<p class=\"wp-block-paragraph\">Destinadas a alumnos matriculados en centros privados autorizados de la Comunidad de Madrid (presencial, semipresencial o virtual). <a href=\"https:\/\/www.fpnebrija.com\/becas.php\">https:\/\/www.fpnebrija.com\/becas.php<\/a> <\/p>\n\n\n\n<h3 class=\"wp-block-heading\">Becas de Segunda Oportunidad (CAM)<\/h3>\n\n\n\n<p class=\"wp-block-paragraph\">Pensadas para j\u00f3venes inscritos en el Sistema Nacional de Garant\u00eda Juvenil. <a href=\"https:\/\/www.fpnebrija.com\/becas.php\">Requisitos.<\/a><\/p>\n\n\n\n<h2 class=\"wp-block-heading\">3. Becas Corporativas y de Inclusi\u00f3n<\/h2>\n\n\n\n<ul class=\"wp-block-list\">\n<li><strong>Programas de Empresas Colaboradoras:<\/strong> Gran parte de las empresas red de Nebrija disponen de programas espec\u00edficos de ayuda al estudio para el alumnado en pr\u00e1cticas.<\/li>\n\n\n\n<li><strong>Becas para estudiantes con discapacidad:<\/strong> Programas de inclusi\u00f3n como las <em>Becas Proyecto Unidos (Fundaci\u00f3n Adecco)<\/em> ofrecen ayudas a alumnos de entre 16 y 30 a\u00f1os con un grado de discapacidad igual o superior al 33%.<\/li>\n<\/ul>\n\n\n\n<h2 class=\"wp-block-heading\"><strong>\u00bfNecesitas ayuda para tramitar tu beca del curso 26\/27?<\/strong><\/h2>\n\n\n\n<p class=\"wp-block-paragraph\">Resuelve tus dudas o gestiona tu solicitud directamente con la <strong>Unidad de Becas Nebrija<\/strong>:<\/p>\n\n\n\n<ul class=\"wp-block-list\">\n<li><strong>Email:<\/strong> infobecasfp@nebrija.es<\/li>\n\n\n\n<li><strong>Tel\u00e9fono gratuito:<\/strong> 900 40 40 05<\/li>\n\n\n\n<li><strong>Atenci\u00f3n presencial:<\/strong> Sedes de Joaqu\u00edn Mar\u00eda L\u00f3pez, Juan XXIII y La Berzosa (Madrid).<\/li>\n<\/ul>\n\n\n\n<p class=\"wp-block-paragraph\">\u00a1Te esperamos en Nebrija! <\/p>\n","protected":false},"excerpt":{"rendered":"<p>Becas FP Nebrija 2026\/2027 El arranque del curso acad\u00e9mico 2026\/2027 est\u00e1 a la vuelta de la esquina y con \u00e9l llega una de las decisiones m\u00e1s importantes para tu futuro: elegir una titulaci\u00f3n con salidas laborales reales. Si est\u00e1s pensando en matricularte en un Grado Medio, Grado Superior o Curso de Especializaci\u00f3n, las becas y [&hellip;]<\/p>\n","protected":false},"author":11,"featured_media":2107,"comment_status":"closed","ping_status":"closed","sticky":false,"template":"","format":"standard","meta":{"footnotes":""},"categories":[88,89],"tags":[182,183,17,34],"class_list":["post-2106","post","type-post","status-publish","format-standard","has-post-thumbnail","hentry","category-becas","category-becas-fundacion-nebrija","tag-becas-y-ayudas-nebrija","tag-curso-26-27","tag-formacion-profesional","tag-instituto-nebrija-de-formacion-profesional"],"yoast_head":"<!-- This site is optimized with the Yoast SEO plugin v26.8 - https:\/\/yoast.com\/product\/yoast-seo-wordpress\/ -->\n<title>Nebrija 2026\/2027: gu\u00eda completa de Becas y Ayudas al Estudio<\/title>\n<meta name=\"description\" content=\"Conoce todas las becas y ayudas disponibles para estudiar FP en Nebrija el curso 2026\/2027: MEC, CAM, SEOP y Becas Propias Nebrija\" \/>\n<meta name=\"robots\" content=\"index, follow, max-snippet:-1, max-image-preview:large, max-video-preview:-1\" \/>\n<link rel=\"canonical\" href=\"https:\/\/fpnebrija.com\/blog\/2026\/08\/26\/becas-fp-nebrija-curso-2026-2027\/\" \/>\n<meta property=\"og:locale\" content=\"es_ES\" \/>\n<meta property=\"og:type\" content=\"article\" \/>\n<meta property=\"og:title\" content=\"Nebrija 2026\/2027: gu\u00eda completa de Becas y Ayudas al Estudio\" \/>\n<meta property=\"og:description\" content=\"Conoce todas las becas y ayudas disponibles para estudiar FP en Nebrija el curso 2026\/2027: MEC, CAM, SEOP y Becas Propias Nebrija\" \/>\n<meta property=\"og:url\" content=\"https:\/\/fpnebrija.com\/blog\/2026\/08\/26\/becas-fp-nebrija-curso-2026-2027\/\" \/>\n<meta property=\"og:site_name\" content=\"FP Nebrija\" \/>\n<meta property=\"article:publisher\" content=\"https:\/\/www.facebook.com\/InstiNebrijaFP\/\" \/>\n<meta property=\"article:author\" content=\"https:\/\/www.facebook.com\/InstiNebrijaFP\" \/>\n<meta property=\"article:published_time\" content=\"2026-08-26T08:09:19+00:00\" \/>\n<meta property=\"og:image\" content=\"https:\/\/fpnebrija.com\/blog\/wp-content\/uploads\/2026\/08\/pexels-rdne-7092523-scaled.jpg\" \/>\n\t<meta property=\"og:image:width\" content=\"2560\" \/>\n\t<meta property=\"og:image:height\" content=\"1707\" \/>\n\t<meta property=\"og:image:type\" content=\"image\/jpeg\" \/>\n<meta name=\"author\" content=\"Maria Olivares\" \/>\n<meta name=\"twitter:card\" content=\"summary_large_image\" \/>\n<meta name=\"twitter:label1\" content=\"Escrito por\" \/>\n\t<meta name=\"twitter:data1\" content=\"Maria Olivares\" \/>\n\t<meta name=\"twitter:label2\" content=\"Tiempo de lectura\" \/>\n\t<meta name=\"twitter:data2\" content=\"3 minutos\" \/>\n<script type=\"application\/ld+json\" class=\"yoast-schema-graph\">{\"@context\":\"https:\/\/schema.org\",\"@graph\":[{\"@type\":\"Article\",\"@id\":\"https:\/\/fpnebrija.com\/blog\/2026\/08\/26\/becas-fp-nebrija-curso-2026-2027\/#article\",\"isPartOf\":{\"@id\":\"https:\/\/fpnebrija.com\/blog\/2026\/08\/26\/becas-fp-nebrija-curso-2026-2027\/\"},\"author\":{\"name\":\"Maria Olivares\",\"@id\":\"https:\/\/fpnebrija.com\/blog\/#\/schema\/person\/dfd5188f279331f6b135646359f180d0\"},\"headline\":\"Estudia FP en Nebrija durante el curso 2026\/2027: becas y ayudas al estudio\",\"datePublished\":\"2026-08-26T08:09:19+00:00\",\"mainEntityOfPage\":{\"@id\":\"https:\/\/fpnebrija.com\/blog\/2026\/08\/26\/becas-fp-nebrija-curso-2026-2027\/\"},\"wordCount\":470,\"publisher\":{\"@id\":\"https:\/\/fpnebrija.com\/blog\/#organization\"},\"image\":{\"@id\":\"https:\/\/fpnebrija.com\/blog\/2026\/08\/26\/becas-fp-nebrija-curso-2026-2027\/#primaryimage\"},\"thumbnailUrl\":\"https:\/\/fpnebrija.com\/blog\/wp-content\/uploads\/2026\/08\/pexels-rdne-7092523-scaled.jpg\",\"keywords\":[\"Becas y Ayudas Nebrija\",\"Curso 26-27\",\"Formaci\u00f3n Profesional\",\"Instituto Nebrija de Formaci\u00f3n Profesional\"],\"articleSection\":[\"Becas\",\"Becas Fundaci\u00f3n Nebrija\"],\"inLanguage\":\"es\"},{\"@type\":\"WebPage\",\"@id\":\"https:\/\/fpnebrija.com\/blog\/2026\/08\/26\/becas-fp-nebrija-curso-2026-2027\/\",\"url\":\"https:\/\/fpnebrija.com\/blog\/2026\/08\/26\/becas-fp-nebrija-curso-2026-2027\/\",\"name\":\"Nebrija 2026\/2027: gu\u00eda completa de Becas y Ayudas al Estudio\",\"isPartOf\":{\"@id\":\"https:\/\/fpnebrija.com\/blog\/#website\"},\"primaryImageOfPage\":{\"@id\":\"https:\/\/fpnebrija.com\/blog\/2026\/08\/26\/becas-fp-nebrija-curso-2026-2027\/#primaryimage\"},\"image\":{\"@id\":\"https:\/\/fpnebrija.com\/blog\/2026\/08\/26\/becas-fp-nebrija-curso-2026-2027\/#primaryimage\"},\"thumbnailUrl\":\"https:\/\/fpnebrija.com\/blog\/wp-content\/uploads\/2026\/08\/pexels-rdne-7092523-scaled.jpg\",\"datePublished\":\"2026-08-26T08:09:19+00:00\",\"description\":\"Conoce todas las becas y ayudas disponibles para estudiar FP en Nebrija el curso 2026\/2027: MEC, CAM, SEOP y Becas Propias Nebrija\",\"breadcrumb\":{\"@id\":\"https:\/\/fpnebrija.com\/blog\/2026\/08\/26\/becas-fp-nebrija-curso-2026-2027\/#breadcrumb\"},\"inLanguage\":\"es\",\"potentialAction\":[{\"@type\":\"ReadAction\",\"target\":[\"https:\/\/fpnebrija.com\/blog\/2026\/08\/26\/becas-fp-nebrija-curso-2026-2027\/\"]}]},{\"@type\":\"ImageObject\",\"inLanguage\":\"es\",\"@id\":\"https:\/\/fpnebrija.com\/blog\/2026\/08\/26\/becas-fp-nebrija-curso-2026-2027\/#primaryimage\",\"url\":\"https:\/\/fpnebrija.com\/blog\/wp-content\/uploads\/2026\/08\/pexels-rdne-7092523-scaled.jpg\",\"contentUrl\":\"https:\/\/fpnebrija.com\/blog\/wp-content\/uploads\/2026\/08\/pexels-rdne-7092523-scaled.jpg\",\"width\":2560,\"height\":1707},{\"@type\":\"BreadcrumbList\",\"@id\":\"https:\/\/fpnebrija.com\/blog\/2026\/08\/26\/becas-fp-nebrija-curso-2026-2027\/#breadcrumb\",\"itemListElement\":[{\"@type\":\"ListItem\",\"position\":1,\"name\":\"Portada\",\"item\":\"https:\/\/fpnebrija.com\/blog\/\"},{\"@type\":\"ListItem\",\"position\":2,\"name\":\"Estudia FP en Nebrija durante el curso 2026\/2027: becas y ayudas al estudio\"}]},{\"@type\":\"WebSite\",\"@id\":\"https:\/\/fpnebrija.com\/blog\/#website\",\"url\":\"https:\/\/fpnebrija.com\/blog\/\",\"name\":\"Blog FP Nebrija\",\"description\":\"El blog del Instituto Nebrija de Formaci\u00f3n Profesional\",\"publisher\":{\"@id\":\"https:\/\/fpnebrija.com\/blog\/#organization\"},\"potentialAction\":[{\"@type\":\"SearchAction\",\"target\":{\"@type\":\"EntryPoint\",\"urlTemplate\":\"https:\/\/fpnebrija.com\/blog\/?s={search_term_string}\"},\"query-input\":{\"@type\":\"PropertyValueSpecification\",\"valueRequired\":true,\"valueName\":\"search_term_string\"}}],\"inLanguage\":\"es\"},{\"@type\":\"Organization\",\"@id\":\"https:\/\/fpnebrija.com\/blog\/#organization\",\"name\":\"Instituto Nebrija de Formaci\u00f3n Profesional\",\"url\":\"https:\/\/fpnebrija.com\/blog\/\",\"logo\":{\"@type\":\"ImageObject\",\"inLanguage\":\"es\",\"@id\":\"https:\/\/fpnebrija.com\/blog\/#\/schema\/logo\/image\/\",\"url\":\"https:\/\/fpnebrija.com\/blog\/wp-content\/uploads\/2023\/02\/logo_cabecera_instituto_fp_412x81.png\",\"contentUrl\":\"https:\/\/fpnebrija.com\/blog\/wp-content\/uploads\/2023\/02\/logo_cabecera_instituto_fp_412x81.png\",\"width\":412,\"height\":81,\"caption\":\"Instituto Nebrija de Formaci\u00f3n Profesional\"},\"image\":{\"@id\":\"https:\/\/fpnebrija.com\/blog\/#\/schema\/logo\/image\/\"},\"sameAs\":[\"https:\/\/www.facebook.com\/InstiNebrijaFP\/\",\"https:\/\/www.instagram.com\/instinebrijafp\/\"]},{\"@type\":\"Person\",\"@id\":\"https:\/\/fpnebrija.com\/blog\/#\/schema\/person\/dfd5188f279331f6b135646359f180d0\",\"name\":\"Maria Olivares\",\"image\":{\"@type\":\"ImageObject\",\"inLanguage\":\"es\",\"@id\":\"https:\/\/fpnebrija.com\/blog\/#\/schema\/person\/image\/\",\"url\":\"https:\/\/secure.gravatar.com\/avatar\/077374ce6cf5a3ce8c7ab4ba4733f03fbf0a9341688ee68f2fa8c68bbac82a3b?s=96&d=mm&r=g\",\"contentUrl\":\"https:\/\/secure.gravatar.com\/avatar\/077374ce6cf5a3ce8c7ab4ba4733f03fbf0a9341688ee68f2fa8c68bbac82a3b?s=96&d=mm&r=g\",\"caption\":\"Maria Olivares\"},\"sameAs\":[\"https:\/\/www.fpnebrija.com\/\",\"https:\/\/www.facebook.com\/InstiNebrijaFP\",\"https:\/\/www.instagram.com\/instinebrijafp\/\",\"https:\/\/www.linkedin.com\/school\/instituto-nebrija-de-formacin-profesional\"],\"url\":\"https:\/\/fpnebrija.com\/blog\/author\/molivarenebrija-es\/\"}]}<\/script>\n<!-- \/ Yoast SEO plugin. -->","yoast_head_json":{"title":"Nebrija 2026\/2027: gu\u00eda completa de Becas y Ayudas al Estudio","description":"Conoce todas las becas y ayudas disponibles para estudiar FP en Nebrija el curso 2026\/2027: MEC, CAM, SEOP y Becas Propias Nebrija","robots":{"index":"index","follow":"follow","max-snippet":"max-snippet:-1","max-image-preview":"max-image-preview:large","max-video-preview":"max-video-preview:-1"},"canonical":"https:\/\/fpnebrija.com\/blog\/2026\/08\/26\/becas-fp-nebrija-curso-2026-2027\/","og_locale":"es_ES","og_type":"article","og_title":"Nebrija 2026\/2027: gu\u00eda completa de Becas y Ayudas al Estudio","og_description":"Conoce todas las becas y ayudas disponibles para estudiar FP en Nebrija el curso 2026\/2027: MEC, CAM, SEOP y Becas Propias Nebrija","og_url":"https:\/\/fpnebrija.com\/blog\/2026\/08\/26\/becas-fp-nebrija-curso-2026-2027\/","og_site_name":"FP Nebrija","article_publisher":"https:\/\/www.facebook.com\/InstiNebrijaFP\/","article_author":"https:\/\/www.facebook.com\/InstiNebrijaFP","article_published_time":"2026-08-26T08:09:19+00:00","og_image":[{"width":2560,"height":1707,"url":"https:\/\/fpnebrija.com\/blog\/wp-content\/uploads\/2026\/08\/pexels-rdne-7092523-scaled.jpg","type":"image\/jpeg"}],"author":"Maria Olivares","twitter_card":"summary_large_image","twitter_misc":{"Escrito por":"Maria Olivares","Tiempo de lectura":"3 minutos"},"schema":{"@context":"https:\/\/schema.org","@graph":[{"@type":"Article","@id":"https:\/\/fpnebrija.com\/blog\/2026\/08\/26\/becas-fp-nebrija-curso-2026-2027\/#article","isPartOf":{"@id":"https:\/\/fpnebrija.com\/blog\/2026\/08\/26\/becas-fp-nebrija-curso-2026-2027\/"},"author":{"name":"Maria Olivares","@id":"https:\/\/fpnebrija.com\/blog\/#\/schema\/person\/dfd5188f279331f6b135646359f180d0"},"headline":"Estudia FP en Nebrija durante el curso 2026\/2027: becas y ayudas al estudio","datePublished":"2026-08-26T08:09:19+00:00","mainEntityOfPage":{"@id":"https:\/\/fpnebrija.com\/blog\/2026\/08\/26\/becas-fp-nebrija-curso-2026-2027\/"},"wordCount":470,"publisher":{"@id":"https:\/\/fpnebrija.com\/blog\/#organization"},"image":{"@id":"https:\/\/fpnebrija.com\/blog\/2026\/08\/26\/becas-fp-nebrija-curso-2026-2027\/#primaryimage"},"thumbnailUrl":"https:\/\/fpnebrija.com\/blog\/wp-content\/uploads\/2026\/08\/pexels-rdne-7092523-scaled.jpg","keywords":["Becas y Ayudas Nebrija","Curso 26-27","Formaci\u00f3n Profesional","Instituto Nebrija de Formaci\u00f3n Profesional"],"articleSection":["Becas","Becas Fundaci\u00f3n Nebrija"],"inLanguage":"es"},{"@type":"WebPage","@id":"https:\/\/fpnebrija.com\/blog\/2026\/08\/26\/becas-fp-nebrija-curso-2026-2027\/","url":"https:\/\/fpnebrija.com\/blog\/2026\/08\/26\/becas-fp-nebrija-curso-2026-2027\/","name":"Nebrija 2026\/2027: gu\u00eda completa de Becas y Ayudas al Estudio","isPartOf":{"@id":"https:\/\/fpnebrija.com\/blog\/#website"},"primaryImageOfPage":{"@id":"https:\/\/fpnebrija.com\/blog\/2026\/08\/26\/becas-fp-nebrija-curso-2026-2027\/#primaryimage"},"image":{"@id":"https:\/\/fpnebrija.com\/blog\/2026\/08\/26\/becas-fp-nebrija-curso-2026-2027\/#primaryimage"},"thumbnailUrl":"https:\/\/fpnebrija.com\/blog\/wp-content\/uploads\/2026\/08\/pexels-rdne-7092523-scaled.jpg","datePublished":"2026-08-26T08:09:19+00:00","description":"Conoce todas las becas y ayudas disponibles para estudiar FP en Nebrija el curso 2026\/2027: MEC, CAM, SEOP y Becas Propias Nebrija","breadcrumb":{"@id":"https:\/\/fpnebrija.com\/blog\/2026\/08\/26\/becas-fp-nebrija-curso-2026-2027\/#breadcrumb"},"inLanguage":"es","potentialAction":[{"@type":"ReadAction","target":["https:\/\/fpnebrija.com\/blog\/2026\/08\/26\/becas-fp-nebrija-curso-2026-2027\/"]}]},{"@type":"ImageObject","inLanguage":"es","@id":"https:\/\/fpnebrija.com\/blog\/2026\/08\/26\/becas-fp-nebrija-curso-2026-2027\/#primaryimage","url":"https:\/\/fpnebrija.com\/blog\/wp-content\/uploads\/2026\/08\/pexels-rdne-7092523-scaled.jpg","contentUrl":"https:\/\/fpnebrija.com\/blog\/wp-content\/uploads\/2026\/08\/pexels-rdne-7092523-scaled.jpg","width":2560,"height":1707},{"@type":"BreadcrumbList","@id":"https:\/\/fpnebrija.com\/blog\/2026\/08\/26\/becas-fp-nebrija-curso-2026-2027\/#breadcrumb","itemListElement":[{"@type":"ListItem","position":1,"name":"Portada","item":"https:\/\/fpnebrija.com\/blog\/"},{"@type":"ListItem","position":2,"name":"Estudia FP en Nebrija durante el curso 2026\/2027: becas y ayudas al estudio"}]},{"@type":"WebSite","@id":"https:\/\/fpnebrija.com\/blog\/#website","url":"https:\/\/fpnebrija.com\/blog\/","name":"Blog FP Nebrija","description":"El blog del Instituto Nebrija de Formaci\u00f3n Profesional","publisher":{"@id":"https:\/\/fpnebrija.com\/blog\/#organization"},"potentialAction":[{"@type":"SearchAction","target":{"@type":"EntryPoint","urlTemplate":"https:\/\/fpnebrija.com\/blog\/?s={search_term_string}"},"query-input":{"@type":"PropertyValueSpecification","valueRequired":true,"valueName":"search_term_string"}}],"inLanguage":"es"},{"@type":"Organization","@id":"https:\/\/fpnebrija.com\/blog\/#organization","name":"Instituto Nebrija de Formaci\u00f3n Profesional","url":"https:\/\/fpnebrija.com\/blog\/","logo":{"@type":"ImageObject","inLanguage":"es","@id":"https:\/\/fpnebrija.com\/blog\/#\/schema\/logo\/image\/","url":"https:\/\/fpnebrija.com\/blog\/wp-content\/uploads\/2023\/02\/logo_cabecera_instituto_fp_412x81.png","contentUrl":"https:\/\/fpnebrija.com\/blog\/wp-content\/uploads\/2023\/02\/logo_cabecera_instituto_fp_412x81.png","width":412,"height":81,"caption":"Instituto Nebrija de Formaci\u00f3n Profesional"},"image":{"@id":"https:\/\/fpnebrija.com\/blog\/#\/schema\/logo\/image\/"},"sameAs":["https:\/\/www.facebook.com\/InstiNebrijaFP\/","https:\/\/www.instagram.com\/instinebrijafp\/"]},{"@type":"Person","@id":"https:\/\/fpnebrija.com\/blog\/#\/schema\/person\/dfd5188f279331f6b135646359f180d0","name":"Maria Olivares","image":{"@type":"ImageObject","inLanguage":"es","@id":"https:\/\/fpnebrija.com\/blog\/#\/schema\/person\/image\/","url":"https:\/\/secure.gravatar.com\/avatar\/077374ce6cf5a3ce8c7ab4ba4733f03fbf0a9341688ee68f2fa8c68bbac82a3b?s=96&d=mm&r=g","contentUrl":"https:\/\/secure.gravatar.com\/avatar\/077374ce6cf5a3ce8c7ab4ba4733f03fbf0a9341688ee68f2fa8c68bbac82a3b?s=96&d=mm&r=g","caption":"Maria Olivares"},"sameAs":["https:\/\/www.fpnebrija.com\/","https:\/\/www.facebook.com\/InstiNebrijaFP","https:\/\/www.instagram.com\/instinebrijafp\/","https:\/\/www.linkedin.com\/school\/instituto-nebrija-de-formacin-profesional"],"url":"https:\/\/fpnebrija.com\/blog\/author\/molivarenebrija-es\/"}]}},"_links":{"self":[{"href":"https:\/\/fpnebrija.com\/blog\/wp-json\/wp\/v2\/posts\/2106","targetHints":{"allow":["GET"]}}],"collection":[{"href":"https:\/\/fpnebrija.com\/blog\/wp-json\/wp\/v2\/posts"}],"about":[{"href":"https:\/\/fpnebrija.com\/blog\/wp-json\/wp\/v2\/types\/post"}],"author":[{"embeddable":true,"href":"https:\/\/fpnebrija.com\/blog\/wp-json\/wp\/v2\/users\/11"}],"replies":[{"embeddable":true,"href":"https:\/\/fpnebrija.com\/blog\/wp-json\/wp\/v2\/comments?post=2106"}],"version-history":[{"count":3,"href":"https:\/\/fpnebrija.com\/blog\/wp-json\/wp\/v2\/posts\/2106\/revisions"}],"predecessor-version":[{"id":2110,"href":"https:\/\/fpnebrija.com\/blog\/wp-json\/wp\/v2\/posts\/2106\/revisions\/2110"}],"wp:featuredmedia":[{"embeddable":true,"href":"https:\/\/fpnebrija.com\/blog\/wp-json\/wp\/v2\/media\/2107"}],"wp:attachment":[{"href":"https:\/\/fpnebrija.com\/blog\/wp-json\/wp\/v2\/media?parent=2106"}],"wp:term":[{"taxonomy":"category","embeddable":true,"href":"https:\/\/fpnebrija.com\/blog\/wp-json\/wp\/v2\/categories?post=2106"},{"taxonomy":"post_tag","embeddable":true,"href":"https:\/\/fpnebrija.com\/blog\/wp-json\/wp\/v2\/tags?post=2106"}],"curies":[{"name":"wp","href":"https:\/\/api.w.org\/{rel}","templated":true}]}}