{"id":65,"date":"2021-11-30T12:21:06","date_gmt":"2021-11-30T12:21:06","guid":{"rendered":"http:\/\/www.nebrija.com\/medios\/fpnebrija\/?p=65"},"modified":"2023-02-20T14:05:33","modified_gmt":"2023-02-20T13:05:33","slug":"puedo-acceder-a-cursar-fp-en-espana-con-un-titulo-extranjero","status":"publish","type":"post","link":"https:\/\/fpnebrija.com\/blog\/2021\/11\/30\/puedo-acceder-a-cursar-fp-en-espana-con-un-titulo-extranjero\/","title":{"rendered":"\u00bfPuedo acceder a cursar Formaci\u00f3n Profesional en Espa\u00f1a con un t\u00edtulo extranjero?"},"content":{"rendered":"\n<p class=\"wp-block-paragraph\">Si quieres cursar un Grado Superior de Formaci\u00f3n Profesional en Espa\u00f1a y los estudios previos los has cursado en un pa\u00eds extranjero, debes saber que necesitas homologar la titulaci\u00f3n para poder matricularte en Espa\u00f1a.<\/p>\n\n\n\n<p class=\"wp-block-paragraph\">En este post daremos respuesta a las preguntas m\u00e1s frecuentes sobre este tema y te facilitaremos los enlaces a las webs de los organismos oficiales con los que tienes que realizar los tr\u00e1mites.<\/p>\n\n\n\n<p class=\"wp-block-paragraph\"><strong>\u00bfQu\u00e9 es homologar?<\/strong><\/p>\n\n\n\n<p class=\"wp-block-paragraph\">Homologar t\u00edtulos extranjeros con los equivalentes espa\u00f1oles no universitarios es reconocer su validez oficial en Espa\u00f1a.<\/p>\n\n\n\n<p class=\"wp-block-paragraph\"><strong>\u00bfQu\u00e9 nivel de estudios necesito para acceder al Grado Superior?<\/strong><\/p>\n\n\n\n<p class=\"wp-block-paragraph\">Deber\u00e1s obtener la homologaci\u00f3n a los estudios espa\u00f1oles de Bachiller<\/p>\n\n\n\n<p class=\"wp-block-paragraph\"><strong>\u00bfQu\u00e9 requisitos debe cumplir el t\u00edtulo para que sea homologable?<\/strong><\/p>\n\n\n\n<ol class=\"wp-block-list\">\n<li>Ser oficiales en el sistema educativo del pa\u00eds al que correspondan.<\/li>\n\n\n\n<li>Los estudios extranjeros deben estar totalmente superados. No se homologan asignaturas sueltas.<\/li>\n\n\n\n<li>Debe haber superado todos y cada uno de los cursos anteriores.<\/li>\n\n\n\n<li>Debe existir suficiente equivalencia con los estudios o el t\u00edtulo espa\u00f1ol que sea, tanto a nivel acad\u00e9mico, como en duraci\u00f3n y contenido.<\/li>\n\n\n\n<li>Si los estudios se han realizado en un centro extranjero en Espa\u00f1a, adem\u00e1s de cumplir la normativa de homologaci\u00f3n, el centro debe estar autorizado para impartir esos estudios.<\/li>\n\n\n\n<li>El alumnado procedente del sistema educativo espa\u00f1ol que solicite la homologaci\u00f3n a los t\u00edtulos de Graduado en Educaci\u00f3n Secundaria Obligatoria o Bachiller, o la convalidaci\u00f3n de los estudios de Bachillerato, deber\u00e1 haber aprobado tantos cursos correlativos y completos como le quedaran pendientes para terminar la Educaci\u00f3n Secundaria Obligatoria o el Bachillerato en Espa\u00f1a, respectivamente.<\/li>\n<\/ol>\n\n\n\n<p class=\"wp-block-paragraph\"><strong>\u00bfExiste alg\u00fan plazo para poder solicitar la homologaci\u00f3n?<\/strong><\/p>\n\n\n\n<p class=\"wp-block-paragraph\">El plazo de presentaci\u00f3n de solicitudes est\u00e1 abierto permanentemente<\/p>\n\n\n\n<p class=\"wp-block-paragraph\"><strong>\u00bfCu\u00e1nto tarda el procedimiento de homologaci\u00f3n?<\/strong><\/p>\n\n\n\n<p class=\"wp-block-paragraph\">Una media de tres meses teniendo en cuenta que hayas presentado toda la documentaci\u00f3n correctamente.<\/p>\n\n\n\n<p class=\"wp-block-paragraph\"><strong>IMPORTANTE:<\/strong> Debes tener en cuenta que puedes matricularte en el Grado Superior con la solicitud de homologaci\u00f3n presentada. Es decir, si has iniciado el tr\u00e1mite de homologaci\u00f3n, pero a\u00fan no te has obtenido la homologaci\u00f3n, puedes matricularte, pero deber\u00e1s presentar en el instituto en el que te matricules del Grado Superior la homologaci\u00f3n, una vez te la concedan, para poder obtener el t\u00edtulo al finalizar. No podr\u00e1s titular como T\u00e9cnico Superior al cursar el Grado Superior si no obtienes finalmente la homologaci\u00f3n de Bachiller.<\/p>\n\n\n\n<p class=\"wp-block-paragraph\"><strong>\u00bfQu\u00e9 tr\u00e1mites debo realizar para la homologaci\u00f3n?<\/strong><\/p>\n\n\n\n<p class=\"wp-block-paragraph\"><strong>1<\/strong>   <strong>Presentar una solicitud.<\/strong> El modelo lo encontrar\u00e1s en la <a rel=\"noreferrer noopener\" href=\"https:\/\/sede.educacion.gob.es\/sede\/login\/inicio.jjsp?idConvocatoria=46\" target=\"_blank\" data-type=\"URL\" data-id=\"https:\/\/sede.educacion.gob.es\/sede\/login\/inicio.jjsp?idConvocatoria=46\">Sede Electr\u00f3nica<\/a>. En el siguiente <a rel=\"noreferrer noopener\" href=\"https:\/\/www.educacionyfp.gob.es\/dam\/jcr:7862606d-5908-4d9e-b147-ec65ac682deb\/ayuda-solicitud-hom.pdf\" target=\"_blank\">enlace<\/a> encontrar\u00e1s ayuda para cumplimentar la solicitud. La solicitud la tienes que presentar en una <a rel=\"noreferrer noopener\" href=\"https:\/\/administracion.gob.es\/pagFront\/atencionCiudadana\/oficinas\/encuentraOficina.htm#.VkNuCNIve1t\" target=\"_blank\" data-type=\"URL\" data-id=\"https:\/\/administracion.gob.es\/pagFront\/atencionCiudadana\/oficinas\/encuentraOficina.htm#.VkNuCNIve1t\">oficina de registro<\/a>. <\/p>\n\n\n\n<p class=\"wp-block-paragraph\"><strong>2   Aportar la documentaci\u00f3n acad\u00e9mica:<\/strong><\/p>\n\n\n\n<p class=\"wp-block-paragraph\">Copia (aut\u00e9ntica\/verificada) del t\u00edtulo o diploma oficial: acredita la superaci\u00f3n completa de los estudios (y ex\u00e1menes) finales correspondientes.<\/p>\n\n\n\n<p class=\"wp-block-paragraph\">Copia (aut\u00e9ntica\/verificada) del certificado oficial: acreditativa los cursos superados, las asignaturas estudiadas, las calificaciones obtenidas y los a\u00f1os acad\u00e9micos en que se realizaron. Para Homologaci\u00f3n a T\u00edtulo de Bachiller: los 3 \u00faltimos cursos<\/p>\n\n\n\n<p class=\"wp-block-paragraph\">Copia (verificada) del certificado acad\u00e9mico oficial. Tambi\u00e9n ser\u00e1 v\u00e1lido el libro de escolaridad, libro de calificaciones y\/o del historial acad\u00e9mico.<\/p>\n\n\n\n<p class=\"wp-block-paragraph\">Si ha realizado estudios previos a los estudios extranjeros en el sistema educativo espa\u00f1ol: Copia (verificada) del certificado acad\u00e9mico oficial. Tambi\u00e9n ser\u00e1 v\u00e1lido el libro de escolaridad, libro de calificaciones y\/o del historial acad\u00e9mico.<\/p>\n\n\n\n<p class=\"wp-block-paragraph\"><strong>NOTA:<\/strong> Las copias aut\u00e9nticas\/verificadas se realizan en cualquier registro de una administraci\u00f3n espa\u00f1ola, presentando el original (que se devuelve una vez realizado el escaneo del documento).<\/p>\n\n\n\n<p class=\"wp-block-paragraph\">Si los documentos que presenta no est\u00e1n en castellano, deber\u00e1n ir acompa\u00f1ados de traducci\u00f3n oficial al castellano. La traducci\u00f3n oficial podr\u00e1 hacerse:<\/p>\n\n\n\n<ul class=\"wp-block-list\">\n<li>Por traductor jurado, debidamente autorizado o inscrito en Espa\u00f1a.<\/li>\n\n\n\n<li>Por cualquier representaci\u00f3n diplom\u00e1tica o consular de Espa\u00f1a en el extranjero.<\/li>\n\n\n\n<li>Por la representaci\u00f3n diplom\u00e1tica o consular en Espa\u00f1a del pa\u00eds del que es ciudadano el solicitante o, en su caso, del de procedencia del documento.<\/li>\n\n\n\n<li>Por un traductor oficial en el extranjero y debidamente legalizada la firma de dicho traductor oficial.<\/li>\n<\/ul>\n\n\n\n<p class=\"wp-block-paragraph\"><strong>3   Acreditaci\u00f3n del pago de la tasa 079 por el importe que corresponda con su solicitud.<\/strong> En el caso del t\u00edtulo de Bachiller son 49,27 \u20ac. En este <a rel=\"noreferrer noopener\" href=\"https:\/\/www.educacionyfp.gob.es\/servicios-al-ciudadano\/catalogo\/general\/0\/tasa-790-079-ingreso.html\" target=\"_blank\">enlace<\/a> podr\u00e1s acceder a m\u00e1s informaci\u00f3n sobre el pago de la tasa y al impreso modelo 790 mediante el que se realiza el abono.<\/p>\n\n\n\n<p class=\"wp-block-paragraph\"><strong>\u00bfDebo legalizar mis documentos?<\/strong><\/p>\n\n\n\n<p class=\"wp-block-paragraph\">Para t\u00edtulos o certificaciones acad\u00e9micas, la legalizaci\u00f3n consiste en el reconocimiento de la firma de la autoridad educativa que expide el documento original.<\/p>\n\n\n\n<p class=\"wp-block-paragraph\">MUY IMPORTANTE: No se legaliza la firma de quien traduce la documentaci\u00f3n.<\/p>\n\n\n\n<p class=\"wp-block-paragraph\">Si los documentos vienen desde los estados miembros de la Uni\u00f3n Europea, Suiza o signatarios del Acuerdo sobre el Espacio Econ\u00f3mico Europeo no necesitan legalizaci\u00f3n.<\/p>\n\n\n\n<p class=\"wp-block-paragraph\">En los dem\u00e1s casos, los documentos expedidos en el extranjero deber\u00e1n estar debidamente legalizados:<\/p>\n\n\n\n<ul class=\"wp-block-list\">\n<li><strong>Documentos expedidos en pa\u00edses que han suscrito el Convenio de la Haya. <\/strong>Es suficiente con la legalizaci\u00f3n \u00fanica o \u00abapostilla\u00bb extendida por las autoridades competentes del pa\u00eds.<\/li>\n\n\n\n<li><strong>Documentos expedidos en el resto de los pa\u00edses: Deber\u00e1n legalizarse por v\u00eda diplom\u00e1tica.<\/strong> Para ello, el procedimiento generalmente es el siguiente:<\/li>\n<\/ul>\n\n\n\n<ul class=\"wp-block-list\">\n<li>Ministerio de Educaci\u00f3n de su pa\u00eds de origen para t\u00edtulos y certificados de estudios<\/li>\n\n\n\n<li>Ministerio correspondiente para certificados de nacimiento y nacionalidad.<\/li>\n\n\n\n<li>Ministerio de Asuntos Exteriores del pa\u00eds donde se expidieron dichos documentos.<\/li>\n\n\n\n<li>Representaci\u00f3n diplom\u00e1tica o consular de Espa\u00f1a en dicho pa\u00eds.<\/li>\n<\/ul>\n\n\n\n<p class=\"wp-block-paragraph\">Para m\u00e1s informaci\u00f3n sobre la homologaci\u00f3n puedes consultar este <a href=\"https:\/\/www.educacionyfp.gob.es\/servicios-al-ciudadano\/catalogo\/gestion-titulos\/estudios-no-universitarios\/titulos-extranjeros\/homologacion-convalidacion-no-universitarios.html\" target=\"_blank\" rel=\"noreferrer noopener\">enlace<\/a> de la p\u00e1gina web del Ministerio de Educaci\u00f3n y Formaci\u00f3n Profesional de Espa\u00f1a.<\/p>\n\n\n\n<p class=\"wp-block-paragraph\"><strong>Visado de estudios<\/strong><\/p>\n\n\n\n<p class=\"wp-block-paragraph\">Si resides en un pa\u00eds extranjero y quieres venir a estudiar a Espa\u00f1a, tendr\u00e1s que solicitar un visado de larga duraci\u00f3n para estudios excepto los ciudadanos de la Uni\u00f3n Europea, Islandia, Liechtenstein, Noruega o Suiza.<\/p>\n\n\n\n<p class=\"wp-block-paragraph\">Cuando la duraci\u00f3n de la estancia autorizada supera los seis meses de duraci\u00f3n deber\u00e1s solicitar, en el plazo de un mes desde tu entrada en Espa\u00f1a, la tarjeta de estudiante extranjero ante la Oficina de Extranjeros o Comisar\u00eda de Polic\u00eda correspondiente.<\/p>\n\n\n\n<p class=\"wp-block-paragraph\">En este <a href=\"http:\/\/www.exteriores.gob.es\/Portal\/es\/ServiciosAlCiudadano\/InformacionParaExtranjeros\/Documents\/Solicitud%20de%20visado%20nacional%20-%20Espa%C3%B1ol.pdf\" target=\"_blank\" rel=\"noreferrer noopener\">enlace<\/a> encontrar\u00e1s el modelo de solicitud de visado que deber\u00e1s presentar junto con el pago de una tasa que, por norma general, es de 60 \u20ac. El resto de requisitos deber\u00e1s consultarlos en la Misi\u00f3n Diplom\u00e1tica u Oficina Consular donde se solicite el visado, ya que pueden variar seg\u00fan el motivo del viaje y el pa\u00eds de origen del solicitante.<\/p>\n\n\n\n<p class=\"wp-block-paragraph\">Debes tener en cuenta que la resoluci\u00f3n suele tardar un mes.<\/p>\n\n\n\n<p class=\"wp-block-paragraph\">Para m\u00e1s informaci\u00f3n sobre el visado puedes consultar este <a href=\"https:\/\/www.exteriores.gob.es\/es\/Paginas\/index.aspx\" data-type=\"URL\" data-id=\"https:\/\/www.exteriores.gob.es\/es\/Paginas\/index.aspx\" target=\"_blank\" rel=\"noreferrer noopener\">enlace<\/a><\/p>\n\n\n\n<p class=\"wp-block-paragraph\">Si tienes alguna duda o quieres pedirnos informaci\u00f3n <a href=\"https:\/\/www.fpnebrija.com\/formularios\/formulario-general\/general-FP.php\" data-type=\"URL\" data-id=\"https:\/\/www.fpnebrija.com\/formularios\/formulario-general\/general-FP.php\" target=\"_blank\" rel=\"noreferrer noopener\">d\u00e9janos tus datos<\/a> y nos pondremos en contacto contigo para ayudarte. <\/p>\n\n\n\n<p class=\"wp-block-paragraph\"><\/p>\n\n\n\n<p class=\"wp-block-paragraph\"><strong>Otros posts que te pueden interesar:<\/strong><\/p>\n\n\n\n<ul class=\"wp-block-list\">\n<li><a href=\"https:\/\/fpnebrija.com\/blog\/2021\/11\/24\/acceso-a-la-formacion-profesional-de-grado-superior\/\" data-type=\"URL\" data-id=\"https:\/\/fpnebrija.com\/blog\/2021\/11\/24\/acceso-a-la-formacion-profesional-de-grado-superior\/\" target=\"_blank\" rel=\"noreferrer noopener\">Acceso a la Formaci\u00f3n Profesional de Grado Superior<\/a><\/li>\n\n\n\n<li><a href=\"https:\/\/fpnebrija.com\/blog\/2021\/11\/26\/pruebas-de-acceso-a-grado-superior\/\" data-type=\"URL\" data-id=\"https:\/\/fpnebrija.com\/blog\/2021\/11\/26\/pruebas-de-acceso-a-grado-superior\/\" target=\"_blank\" rel=\"noreferrer noopener\">Pruebas de acceso a Grado Superior<\/a><\/li>\n<\/ul>\n\n\n\n<blockquote class=\"wp-block-quote is-layout-flow wp-block-quote-is-layout-flow\">\n<p class=\"wp-block-paragraph\">Silvia Robador<\/p>\n\n\n\n<p class=\"wp-block-paragraph\">Directora del Instituto Nebrija de Formaci\u00f3n Profesional<\/p>\n<\/blockquote>\n","protected":false},"excerpt":{"rendered":"<p>Si quieres cursar un Grado Superior de Formaci\u00f3n Profesional en Espa\u00f1a y los estudios previos los has cursado en un pa\u00eds extranjero, debes saber que necesitas homologar la titulaci\u00f3n para poder matricularte en Espa\u00f1a. En este post daremos respuesta a las preguntas m\u00e1s frecuentes sobre este tema y te facilitaremos los enlaces a las webs [&hellip;]<\/p>\n","protected":false},"author":1,"featured_media":26,"comment_status":"closed","ping_status":"closed","sticky":false,"template":"","format":"standard","meta":{"footnotes":""},"categories":[2,8],"tags":[],"class_list":["post-65","post","type-post","status-publish","format-standard","has-post-thumbnail","hentry","category-acceso-a-grado-superior","category-experiencia-nebrija"],"yoast_head":"<!-- This site is optimized with the Yoast SEO plugin v26.8 - https:\/\/yoast.com\/product\/yoast-seo-wordpress\/ -->\n<title>\u00bfPuedo acceder a cursar Formaci\u00f3n Profesional en Espa\u00f1a con un t\u00edtulo extranjero? - FP Nebrija<\/title>\n<meta name=\"robots\" content=\"index, follow, max-snippet:-1, max-image-preview:large, max-video-preview:-1\" \/>\n<link rel=\"canonical\" href=\"https:\/\/fpnebrija.com\/blog\/2021\/11\/30\/puedo-acceder-a-cursar-fp-en-espana-con-un-titulo-extranjero\/\" \/>\n<meta property=\"og:locale\" content=\"es_ES\" \/>\n<meta property=\"og:type\" content=\"article\" \/>\n<meta property=\"og:title\" content=\"\u00bfPuedo acceder a cursar Formaci\u00f3n Profesional en Espa\u00f1a con un t\u00edtulo extranjero? - FP Nebrija\" \/>\n<meta property=\"og:description\" content=\"Si quieres cursar un Grado Superior de Formaci\u00f3n Profesional en Espa\u00f1a y los estudios previos los has cursado en un pa\u00eds extranjero, debes saber que necesitas homologar la titulaci\u00f3n para poder matricularte en Espa\u00f1a. En este post daremos respuesta a las preguntas m\u00e1s frecuentes sobre este tema y te facilitaremos los enlaces a las webs [&hellip;]\" \/>\n<meta property=\"og:url\" content=\"https:\/\/fpnebrija.com\/blog\/2021\/11\/30\/puedo-acceder-a-cursar-fp-en-espana-con-un-titulo-extranjero\/\" \/>\n<meta property=\"og:site_name\" content=\"FP Nebrija\" \/>\n<meta property=\"article:publisher\" content=\"https:\/\/www.facebook.com\/InstiNebrijaFP\/\" \/>\n<meta property=\"article:published_time\" content=\"2021-11-30T12:21:06+00:00\" \/>\n<meta property=\"article:modified_time\" content=\"2023-02-20T13:05:33+00:00\" \/>\n<meta property=\"og:image\" content=\"https:\/\/fpnebrija.com\/blog\/wp-content\/uploads\/2021\/10\/blog-fp-nuevo-insituto-nebrija.jpg\" \/>\n\t<meta property=\"og:image:width\" content=\"2048\" \/>\n\t<meta property=\"og:image:height\" content=\"918\" \/>\n\t<meta property=\"og:image:type\" content=\"image\/jpeg\" \/>\n<meta name=\"author\" content=\"wpAdmin\" \/>\n<meta name=\"twitter:card\" content=\"summary_large_image\" \/>\n<meta name=\"twitter:label1\" content=\"Escrito por\" \/>\n\t<meta name=\"twitter:data1\" content=\"wpAdmin\" \/>\n\t<meta name=\"twitter:label2\" content=\"Tiempo de lectura\" \/>\n\t<meta name=\"twitter:data2\" content=\"6 minutos\" \/>\n<script type=\"application\/ld+json\" class=\"yoast-schema-graph\">{\"@context\":\"https:\/\/schema.org\",\"@graph\":[{\"@type\":\"Article\",\"@id\":\"https:\/\/fpnebrija.com\/blog\/2021\/11\/30\/puedo-acceder-a-cursar-fp-en-espana-con-un-titulo-extranjero\/#article\",\"isPartOf\":{\"@id\":\"https:\/\/fpnebrija.com\/blog\/2021\/11\/30\/puedo-acceder-a-cursar-fp-en-espana-con-un-titulo-extranjero\/\"},\"author\":{\"name\":\"wpAdmin\",\"@id\":\"https:\/\/fpnebrija.com\/blog\/#\/schema\/person\/2b1fb18c871465f151d8dbe58367bcde\"},\"headline\":\"\u00bfPuedo acceder a cursar Formaci\u00f3n Profesional en Espa\u00f1a con un t\u00edtulo extranjero?\",\"datePublished\":\"2021-11-30T12:21:06+00:00\",\"dateModified\":\"2023-02-20T13:05:33+00:00\",\"mainEntityOfPage\":{\"@id\":\"https:\/\/fpnebrija.com\/blog\/2021\/11\/30\/puedo-acceder-a-cursar-fp-en-espana-con-un-titulo-extranjero\/\"},\"wordCount\":1246,\"publisher\":{\"@id\":\"https:\/\/fpnebrija.com\/blog\/#organization\"},\"image\":{\"@id\":\"https:\/\/fpnebrija.com\/blog\/2021\/11\/30\/puedo-acceder-a-cursar-fp-en-espana-con-un-titulo-extranjero\/#primaryimage\"},\"thumbnailUrl\":\"https:\/\/fpnebrija.com\/blog\/wp-content\/uploads\/2021\/10\/blog-fp-nuevo-insituto-nebrija.jpg\",\"articleSection\":[\"Acceso a Grado Superior\",\"Experiencia Nebrija\"],\"inLanguage\":\"es\"},{\"@type\":\"WebPage\",\"@id\":\"https:\/\/fpnebrija.com\/blog\/2021\/11\/30\/puedo-acceder-a-cursar-fp-en-espana-con-un-titulo-extranjero\/\",\"url\":\"https:\/\/fpnebrija.com\/blog\/2021\/11\/30\/puedo-acceder-a-cursar-fp-en-espana-con-un-titulo-extranjero\/\",\"name\":\"\u00bfPuedo acceder a cursar Formaci\u00f3n Profesional en Espa\u00f1a con un t\u00edtulo extranjero? - FP Nebrija\",\"isPartOf\":{\"@id\":\"https:\/\/fpnebrija.com\/blog\/#website\"},\"primaryImageOfPage\":{\"@id\":\"https:\/\/fpnebrija.com\/blog\/2021\/11\/30\/puedo-acceder-a-cursar-fp-en-espana-con-un-titulo-extranjero\/#primaryimage\"},\"image\":{\"@id\":\"https:\/\/fpnebrija.com\/blog\/2021\/11\/30\/puedo-acceder-a-cursar-fp-en-espana-con-un-titulo-extranjero\/#primaryimage\"},\"thumbnailUrl\":\"https:\/\/fpnebrija.com\/blog\/wp-content\/uploads\/2021\/10\/blog-fp-nuevo-insituto-nebrija.jpg\",\"datePublished\":\"2021-11-30T12:21:06+00:00\",\"dateModified\":\"2023-02-20T13:05:33+00:00\",\"breadcrumb\":{\"@id\":\"https:\/\/fpnebrija.com\/blog\/2021\/11\/30\/puedo-acceder-a-cursar-fp-en-espana-con-un-titulo-extranjero\/#breadcrumb\"},\"inLanguage\":\"es\",\"potentialAction\":[{\"@type\":\"ReadAction\",\"target\":[\"https:\/\/fpnebrija.com\/blog\/2021\/11\/30\/puedo-acceder-a-cursar-fp-en-espana-con-un-titulo-extranjero\/\"]}]},{\"@type\":\"ImageObject\",\"inLanguage\":\"es\",\"@id\":\"https:\/\/fpnebrija.com\/blog\/2021\/11\/30\/puedo-acceder-a-cursar-fp-en-espana-con-un-titulo-extranjero\/#primaryimage\",\"url\":\"https:\/\/fpnebrija.com\/blog\/wp-content\/uploads\/2021\/10\/blog-fp-nuevo-insituto-nebrija.jpg\",\"contentUrl\":\"https:\/\/fpnebrija.com\/blog\/wp-content\/uploads\/2021\/10\/blog-fp-nuevo-insituto-nebrija.jpg\",\"width\":2048,\"height\":918},{\"@type\":\"BreadcrumbList\",\"@id\":\"https:\/\/fpnebrija.com\/blog\/2021\/11\/30\/puedo-acceder-a-cursar-fp-en-espana-con-un-titulo-extranjero\/#breadcrumb\",\"itemListElement\":[{\"@type\":\"ListItem\",\"position\":1,\"name\":\"Portada\",\"item\":\"https:\/\/fpnebrija.com\/blog\/\"},{\"@type\":\"ListItem\",\"position\":2,\"name\":\"\u00bfPuedo acceder a cursar Formaci\u00f3n Profesional en Espa\u00f1a con un t\u00edtulo extranjero?\"}]},{\"@type\":\"WebSite\",\"@id\":\"https:\/\/fpnebrija.com\/blog\/#website\",\"url\":\"https:\/\/fpnebrija.com\/blog\/\",\"name\":\"Blog FP Nebrija\",\"description\":\"El blog del Instituto Nebrija de Formaci\u00f3n Profesional\",\"publisher\":{\"@id\":\"https:\/\/fpnebrija.com\/blog\/#organization\"},\"potentialAction\":[{\"@type\":\"SearchAction\",\"target\":{\"@type\":\"EntryPoint\",\"urlTemplate\":\"https:\/\/fpnebrija.com\/blog\/?s={search_term_string}\"},\"query-input\":{\"@type\":\"PropertyValueSpecification\",\"valueRequired\":true,\"valueName\":\"search_term_string\"}}],\"inLanguage\":\"es\"},{\"@type\":\"Organization\",\"@id\":\"https:\/\/fpnebrija.com\/blog\/#organization\",\"name\":\"Instituto Nebrija de Formaci\u00f3n Profesional\",\"url\":\"https:\/\/fpnebrija.com\/blog\/\",\"logo\":{\"@type\":\"ImageObject\",\"inLanguage\":\"es\",\"@id\":\"https:\/\/fpnebrija.com\/blog\/#\/schema\/logo\/image\/\",\"url\":\"https:\/\/fpnebrija.com\/blog\/wp-content\/uploads\/2023\/02\/logo_cabecera_instituto_fp_412x81.png\",\"contentUrl\":\"https:\/\/fpnebrija.com\/blog\/wp-content\/uploads\/2023\/02\/logo_cabecera_instituto_fp_412x81.png\",\"width\":412,\"height\":81,\"caption\":\"Instituto Nebrija de Formaci\u00f3n Profesional\"},\"image\":{\"@id\":\"https:\/\/fpnebrija.com\/blog\/#\/schema\/logo\/image\/\"},\"sameAs\":[\"https:\/\/www.facebook.com\/InstiNebrijaFP\/\",\"https:\/\/www.instagram.com\/instinebrijafp\/\"]},{\"@type\":\"Person\",\"@id\":\"https:\/\/fpnebrija.com\/blog\/#\/schema\/person\/2b1fb18c871465f151d8dbe58367bcde\",\"name\":\"wpAdmin\",\"image\":{\"@type\":\"ImageObject\",\"inLanguage\":\"es\",\"@id\":\"https:\/\/fpnebrija.com\/blog\/#\/schema\/person\/image\/\",\"url\":\"https:\/\/secure.gravatar.com\/avatar\/610692daa691bf20f5b637b1633a3cf8746b7d5ab71d6d823e0fdc4937b079b3?s=96&d=mm&r=g\",\"contentUrl\":\"https:\/\/secure.gravatar.com\/avatar\/610692daa691bf20f5b637b1633a3cf8746b7d5ab71d6d823e0fdc4937b079b3?s=96&d=mm&r=g\",\"caption\":\"wpAdmin\"},\"sameAs\":[\"https:\/\/fpnebrija.com\/blog\"],\"url\":\"https:\/\/fpnebrija.com\/blog\/author\/wpadmin\/\"}]}<\/script>\n<!-- \/ Yoast SEO plugin. -->","yoast_head_json":{"title":"\u00bfPuedo acceder a cursar Formaci\u00f3n Profesional en Espa\u00f1a con un t\u00edtulo extranjero? - FP Nebrija","robots":{"index":"index","follow":"follow","max-snippet":"max-snippet:-1","max-image-preview":"max-image-preview:large","max-video-preview":"max-video-preview:-1"},"canonical":"https:\/\/fpnebrija.com\/blog\/2021\/11\/30\/puedo-acceder-a-cursar-fp-en-espana-con-un-titulo-extranjero\/","og_locale":"es_ES","og_type":"article","og_title":"\u00bfPuedo acceder a cursar Formaci\u00f3n Profesional en Espa\u00f1a con un t\u00edtulo extranjero? - FP Nebrija","og_description":"Si quieres cursar un Grado Superior de Formaci\u00f3n Profesional en Espa\u00f1a y los estudios previos los has cursado en un pa\u00eds extranjero, debes saber que necesitas homologar la titulaci\u00f3n para poder matricularte en Espa\u00f1a. En este post daremos respuesta a las preguntas m\u00e1s frecuentes sobre este tema y te facilitaremos los enlaces a las webs [&hellip;]","og_url":"https:\/\/fpnebrija.com\/blog\/2021\/11\/30\/puedo-acceder-a-cursar-fp-en-espana-con-un-titulo-extranjero\/","og_site_name":"FP Nebrija","article_publisher":"https:\/\/www.facebook.com\/InstiNebrijaFP\/","article_published_time":"2021-11-30T12:21:06+00:00","article_modified_time":"2023-02-20T13:05:33+00:00","og_image":[{"width":2048,"height":918,"url":"https:\/\/fpnebrija.com\/blog\/wp-content\/uploads\/2021\/10\/blog-fp-nuevo-insituto-nebrija.jpg","type":"image\/jpeg"}],"author":"wpAdmin","twitter_card":"summary_large_image","twitter_misc":{"Escrito por":"wpAdmin","Tiempo de lectura":"6 minutos"},"schema":{"@context":"https:\/\/schema.org","@graph":[{"@type":"Article","@id":"https:\/\/fpnebrija.com\/blog\/2021\/11\/30\/puedo-acceder-a-cursar-fp-en-espana-con-un-titulo-extranjero\/#article","isPartOf":{"@id":"https:\/\/fpnebrija.com\/blog\/2021\/11\/30\/puedo-acceder-a-cursar-fp-en-espana-con-un-titulo-extranjero\/"},"author":{"name":"wpAdmin","@id":"https:\/\/fpnebrija.com\/blog\/#\/schema\/person\/2b1fb18c871465f151d8dbe58367bcde"},"headline":"\u00bfPuedo acceder a cursar Formaci\u00f3n Profesional en Espa\u00f1a con un t\u00edtulo extranjero?","datePublished":"2021-11-30T12:21:06+00:00","dateModified":"2023-02-20T13:05:33+00:00","mainEntityOfPage":{"@id":"https:\/\/fpnebrija.com\/blog\/2021\/11\/30\/puedo-acceder-a-cursar-fp-en-espana-con-un-titulo-extranjero\/"},"wordCount":1246,"publisher":{"@id":"https:\/\/fpnebrija.com\/blog\/#organization"},"image":{"@id":"https:\/\/fpnebrija.com\/blog\/2021\/11\/30\/puedo-acceder-a-cursar-fp-en-espana-con-un-titulo-extranjero\/#primaryimage"},"thumbnailUrl":"https:\/\/fpnebrija.com\/blog\/wp-content\/uploads\/2021\/10\/blog-fp-nuevo-insituto-nebrija.jpg","articleSection":["Acceso a Grado Superior","Experiencia Nebrija"],"inLanguage":"es"},{"@type":"WebPage","@id":"https:\/\/fpnebrija.com\/blog\/2021\/11\/30\/puedo-acceder-a-cursar-fp-en-espana-con-un-titulo-extranjero\/","url":"https:\/\/fpnebrija.com\/blog\/2021\/11\/30\/puedo-acceder-a-cursar-fp-en-espana-con-un-titulo-extranjero\/","name":"\u00bfPuedo acceder a cursar Formaci\u00f3n Profesional en Espa\u00f1a con un t\u00edtulo extranjero? - FP Nebrija","isPartOf":{"@id":"https:\/\/fpnebrija.com\/blog\/#website"},"primaryImageOfPage":{"@id":"https:\/\/fpnebrija.com\/blog\/2021\/11\/30\/puedo-acceder-a-cursar-fp-en-espana-con-un-titulo-extranjero\/#primaryimage"},"image":{"@id":"https:\/\/fpnebrija.com\/blog\/2021\/11\/30\/puedo-acceder-a-cursar-fp-en-espana-con-un-titulo-extranjero\/#primaryimage"},"thumbnailUrl":"https:\/\/fpnebrija.com\/blog\/wp-content\/uploads\/2021\/10\/blog-fp-nuevo-insituto-nebrija.jpg","datePublished":"2021-11-30T12:21:06+00:00","dateModified":"2023-02-20T13:05:33+00:00","breadcrumb":{"@id":"https:\/\/fpnebrija.com\/blog\/2021\/11\/30\/puedo-acceder-a-cursar-fp-en-espana-con-un-titulo-extranjero\/#breadcrumb"},"inLanguage":"es","potentialAction":[{"@type":"ReadAction","target":["https:\/\/fpnebrija.com\/blog\/2021\/11\/30\/puedo-acceder-a-cursar-fp-en-espana-con-un-titulo-extranjero\/"]}]},{"@type":"ImageObject","inLanguage":"es","@id":"https:\/\/fpnebrija.com\/blog\/2021\/11\/30\/puedo-acceder-a-cursar-fp-en-espana-con-un-titulo-extranjero\/#primaryimage","url":"https:\/\/fpnebrija.com\/blog\/wp-content\/uploads\/2021\/10\/blog-fp-nuevo-insituto-nebrija.jpg","contentUrl":"https:\/\/fpnebrija.com\/blog\/wp-content\/uploads\/2021\/10\/blog-fp-nuevo-insituto-nebrija.jpg","width":2048,"height":918},{"@type":"BreadcrumbList","@id":"https:\/\/fpnebrija.com\/blog\/2021\/11\/30\/puedo-acceder-a-cursar-fp-en-espana-con-un-titulo-extranjero\/#breadcrumb","itemListElement":[{"@type":"ListItem","position":1,"name":"Portada","item":"https:\/\/fpnebrija.com\/blog\/"},{"@type":"ListItem","position":2,"name":"\u00bfPuedo acceder a cursar Formaci\u00f3n Profesional en Espa\u00f1a con un t\u00edtulo extranjero?"}]},{"@type":"WebSite","@id":"https:\/\/fpnebrija.com\/blog\/#website","url":"https:\/\/fpnebrija.com\/blog\/","name":"Blog FP Nebrija","description":"El blog del Instituto Nebrija de Formaci\u00f3n Profesional","publisher":{"@id":"https:\/\/fpnebrija.com\/blog\/#organization"},"potentialAction":[{"@type":"SearchAction","target":{"@type":"EntryPoint","urlTemplate":"https:\/\/fpnebrija.com\/blog\/?s={search_term_string}"},"query-input":{"@type":"PropertyValueSpecification","valueRequired":true,"valueName":"search_term_string"}}],"inLanguage":"es"},{"@type":"Organization","@id":"https:\/\/fpnebrija.com\/blog\/#organization","name":"Instituto Nebrija de Formaci\u00f3n Profesional","url":"https:\/\/fpnebrija.com\/blog\/","logo":{"@type":"ImageObject","inLanguage":"es","@id":"https:\/\/fpnebrija.com\/blog\/#\/schema\/logo\/image\/","url":"https:\/\/fpnebrija.com\/blog\/wp-content\/uploads\/2023\/02\/logo_cabecera_instituto_fp_412x81.png","contentUrl":"https:\/\/fpnebrija.com\/blog\/wp-content\/uploads\/2023\/02\/logo_cabecera_instituto_fp_412x81.png","width":412,"height":81,"caption":"Instituto Nebrija de Formaci\u00f3n Profesional"},"image":{"@id":"https:\/\/fpnebrija.com\/blog\/#\/schema\/logo\/image\/"},"sameAs":["https:\/\/www.facebook.com\/InstiNebrijaFP\/","https:\/\/www.instagram.com\/instinebrijafp\/"]},{"@type":"Person","@id":"https:\/\/fpnebrija.com\/blog\/#\/schema\/person\/2b1fb18c871465f151d8dbe58367bcde","name":"wpAdmin","image":{"@type":"ImageObject","inLanguage":"es","@id":"https:\/\/fpnebrija.com\/blog\/#\/schema\/person\/image\/","url":"https:\/\/secure.gravatar.com\/avatar\/610692daa691bf20f5b637b1633a3cf8746b7d5ab71d6d823e0fdc4937b079b3?s=96&d=mm&r=g","contentUrl":"https:\/\/secure.gravatar.com\/avatar\/610692daa691bf20f5b637b1633a3cf8746b7d5ab71d6d823e0fdc4937b079b3?s=96&d=mm&r=g","caption":"wpAdmin"},"sameAs":["https:\/\/fpnebrija.com\/blog"],"url":"https:\/\/fpnebrija.com\/blog\/author\/wpadmin\/"}]}},"_links":{"self":[{"href":"https:\/\/fpnebrija.com\/blog\/wp-json\/wp\/v2\/posts\/65","targetHints":{"allow":["GET"]}}],"collection":[{"href":"https:\/\/fpnebrija.com\/blog\/wp-json\/wp\/v2\/posts"}],"about":[{"href":"https:\/\/fpnebrija.com\/blog\/wp-json\/wp\/v2\/types\/post"}],"author":[{"embeddable":true,"href":"https:\/\/fpnebrija.com\/blog\/wp-json\/wp\/v2\/users\/1"}],"replies":[{"embeddable":true,"href":"https:\/\/fpnebrija.com\/blog\/wp-json\/wp\/v2\/comments?post=65"}],"version-history":[{"count":1,"href":"https:\/\/fpnebrija.com\/blog\/wp-json\/wp\/v2\/posts\/65\/revisions"}],"predecessor-version":[{"id":612,"href":"https:\/\/fpnebrija.com\/blog\/wp-json\/wp\/v2\/posts\/65\/revisions\/612"}],"wp:featuredmedia":[{"embeddable":true,"href":"https:\/\/fpnebrija.com\/blog\/wp-json\/wp\/v2\/media\/26"}],"wp:attachment":[{"href":"https:\/\/fpnebrija.com\/blog\/wp-json\/wp\/v2\/media?parent=65"}],"wp:term":[{"taxonomy":"category","embeddable":true,"href":"https:\/\/fpnebrija.com\/blog\/wp-json\/wp\/v2\/categories?post=65"},{"taxonomy":"post_tag","embeddable":true,"href":"https:\/\/fpnebrija.com\/blog\/wp-json\/wp\/v2\/tags?post=65"}],"curies":[{"name":"wp","href":"https:\/\/api.w.org\/{rel}","templated":true}]}}